{"id":100011,"date":"2022-10-21T15:25:32","date_gmt":"2022-10-21T18:25:32","guid":{"rendered":"https:\/\/tvtecjundiai.com.br\/news\/?p=100011"},"modified":"2022-10-21T15:25:38","modified_gmt":"2022-10-21T18:25:38","slug":"oba-hortifruti-esta-com-vagas-de-emprego-abertas-em-jundiai","status":"publish","type":"post","link":"https:\/\/tvtecjundiai.com.br\/news\/2022\/10\/21\/oba-hortifruti-esta-com-vagas-de-emprego-abertas-em-jundiai\/","title":{"rendered":"Oba Hortifruti est\u00e1 com vagas de emprego abertas em Jundia\u00ed"},"content":{"rendered":"\n<p>A rede Oba Hortifruti est\u00e1 com oportunidades de emprego para a unidade do Anhangaba\u00fa, em Jundia\u00ed. As vagas s\u00e3o para auxiliar de cozinha, operador de caixa (para pessoa com defici\u00eancia) e atendente do setor de rotisserie (pratos prontos).<\/p>\n\n\n\n<p>Os interessados podem se inscrever pelo\u00a0<a href=\"https:\/\/web.jundiai.sp.gov.br\/PMJ\/emprega\/Vaga#\" data-type=\"URL\" data-id=\"https:\/\/web.jundiai.sp.gov.br\/PMJ\/emprega\/Vaga#\">portal Jundia\u00ed Empreendedora<\/a>, da Prefeitura de Jundia\u00ed.<\/p>\n\n\n\n<figure class=\"wp-block-image size-full\"><img loading=\"lazy\" decoding=\"async\" width=\"600\" height=\"450\" src=\"https:\/\/tvtecjundiai.com.br\/news\/wp-content\/uploads\/sites\/2\/2022\/10\/1_t_oba1-270096.jpg\" alt=\"\" class=\"wp-image-100012\" srcset=\"https:\/\/tvtecjundiai.com.br\/news\/wp-content\/uploads\/sites\/2\/2022\/10\/1_t_oba1-270096.jpg 600w, https:\/\/tvtecjundiai.com.br\/news\/wp-content\/uploads\/sites\/2\/2022\/10\/1_t_oba1-270096-300x225.jpg 300w\" sizes=\"auto, (max-width: 600px) 100vw, 600px\" \/><\/figure>\n\n\n\n<p><strong>Auxiliar de cozinha &#8211; 2 vagas<\/strong><\/p>\n\n\n\n<p><em>Exig\u00eancias: <\/em>Necess\u00e1rio disponibilidade para trabalhar em escala 6&#215;1, das 13h40 \u00e0s 22h; ensino fundamental completo e experi\u00eancia na fun\u00e7\u00e3o.<\/p>\n\n\n\n<p><strong>Atendente do setor de rotisserie (pratos prontos) &#8211; 2 vagas<\/strong><\/p>\n\n\n\n<p><em>Exig\u00eancias: <\/em>Necess\u00e1rio disponibilidade para trabalhar em escala 6&#215;1, das 13h40 \u00e0s 22h; ensino fundamental completo e experi\u00eancia anterior como atendente ser\u00e1 um diferencial.<\/p>\n\n\n\n<p><strong>Operador de caixa &#8211; 1 vaga (para pessoa com defici\u00eancia)<\/strong><\/p>\n\n\n\n<p><em>Exig\u00eancias: <\/em>Necess\u00e1rio disponibilidade para trabalhar em escala 6&#215;1; ensino fundamental completo e apresentar laudo.<\/p>\n\n\n\n<p><strong><em>(Fonte: TVTEC Jundia\u00ed\/Imagem: Divulga\u00e7\u00e3o)<\/em><\/strong><\/p>\n","protected":false},"excerpt":{"rendered":"<p>Os interessados podem se inscrever pelo\u00a0portal Jundia\u00ed Empreendedora<\/p>\n","protected":false},"author":30,"featured_media":100012,"comment_status":"closed","ping_status":"0","sticky":false,"template":"","format":"standard","meta":{"footnotes":""},"categories":[5038,8363,8356,1],"tags":[],"class_list":["post-100011","post","type-post","status-publish","format-standard","has-post-thumbnail","hentry","category-emprego","category-emprego-2","category-jundiai","category-noticias"],"_links":{"self":[{"href":"https:\/\/tvtecjundiai.com.br\/news\/wp-json\/wp\/v2\/posts\/100011","targetHints":{"allow":["GET"]}}],"collection":[{"href":"https:\/\/tvtecjundiai.com.br\/news\/wp-json\/wp\/v2\/posts"}],"about":[{"href":"https:\/\/tvtecjundiai.com.br\/news\/wp-json\/wp\/v2\/types\/post"}],"author":[{"embeddable":true,"href":"https:\/\/tvtecjundiai.com.br\/news\/wp-json\/wp\/v2\/users\/30"}],"replies":[{"embeddable":true,"href":"https:\/\/tvtecjundiai.com.br\/news\/wp-json\/wp\/v2\/comments?post=100011"}],"version-history":[{"count":1,"href":"https:\/\/tvtecjundiai.com.br\/news\/wp-json\/wp\/v2\/posts\/100011\/revisions"}],"predecessor-version":[{"id":100013,"href":"https:\/\/tvtecjundiai.com.br\/news\/wp-json\/wp\/v2\/posts\/100011\/revisions\/100013"}],"wp:featuredmedia":[{"embeddable":true,"href":"https:\/\/tvtecjundiai.com.br\/news\/wp-json\/wp\/v2\/media\/100012"}],"wp:attachment":[{"href":"https:\/\/tvtecjundiai.com.br\/news\/wp-json\/wp\/v2\/media?parent=100011"}],"wp:term":[{"taxonomy":"category","embeddable":true,"href":"https:\/\/tvtecjundiai.com.br\/news\/wp-json\/wp\/v2\/categories?post=100011"},{"taxonomy":"post_tag","embeddable":true,"href":"https:\/\/tvtecjundiai.com.br\/news\/wp-json\/wp\/v2\/tags?post=100011"}],"curies":[{"name":"wp","href":"https:\/\/api.w.org\/{rel}","templated":true}]}}