{"id":100069,"date":"2022-10-25T11:44:05","date_gmt":"2022-10-25T14:44:05","guid":{"rendered":"https:\/\/tvtecjundiai.com.br\/news\/?p=100069"},"modified":"2022-10-25T11:44:06","modified_gmt":"2022-10-25T14:44:06","slug":"podtrampo-projeto-fios-encantados-transforma-vidas","status":"publish","type":"post","link":"https:\/\/tvtecjundiai.com.br\/news\/2022\/10\/25\/podtrampo-projeto-fios-encantados-transforma-vidas\/","title":{"rendered":"PodTrampo: projeto Fios Encantados transforma vidas"},"content":{"rendered":"\n<p>O 26\u00b0 epis\u00f3dio do PodTrampo, podcast da TVTEC Jundia\u00ed sobre empregabilidade, mercado de trabalho e empreendedorismo, teve como convidadas Patr\u00edcia Perdiz, diretora e volunt\u00e1ria do projeto Fios Encantados, e Neide Kovelis, tamb\u00e9m volunt\u00e1ria do projeto. <\/p>\n\n\n\n<p>Apresentado pela jornalista Tayana Konrath, o bate-papo foi sobre o projeto Fios Encantados, uma iniciativa filantr\u00f3pica e sem fins lucrativos que visa confeccionar e doar toucas e perucas de personagens para crian\u00e7as e adolescentes em tratamento de c\u00e2ncer, e como ele transforma a vida das pessoas. <\/p>\n\n\n\n<p>O podcast foi ao ar nesta ter\u00e7a-feira (25), \u00e0s 9h, com transmiss\u00e3o pelo Facebook e YouTube da TVTEC Jundia\u00ed. Para ouvir depois, \u00e9 poss\u00edvel acompanhar o PodTrampo a qualquer hora pelas plataformas de m\u00fasica.<\/p>\n\n\n<div class=\"wp-block-image\">\n<figure class=\"aligncenter size-large is-resized\"><img loading=\"lazy\" decoding=\"async\" src=\"https:\/\/tvtecjundiai.com.br\/news\/wp-content\/uploads\/sites\/2\/2022\/10\/WhatsApp-Image-2022-10-25-at-11.19.17-1200x900.jpeg\" alt=\"\" class=\"wp-image-100078\" width=\"663\" height=\"497\" srcset=\"https:\/\/tvtecjundiai.com.br\/news\/wp-content\/uploads\/sites\/2\/2022\/10\/WhatsApp-Image-2022-10-25-at-11.19.17-1200x900.jpeg 1200w, https:\/\/tvtecjundiai.com.br\/news\/wp-content\/uploads\/sites\/2\/2022\/10\/WhatsApp-Image-2022-10-25-at-11.19.17-300x225.jpeg 300w, https:\/\/tvtecjundiai.com.br\/news\/wp-content\/uploads\/sites\/2\/2022\/10\/WhatsApp-Image-2022-10-25-at-11.19.17-768x576.jpeg 768w, https:\/\/tvtecjundiai.com.br\/news\/wp-content\/uploads\/sites\/2\/2022\/10\/WhatsApp-Image-2022-10-25-at-11.19.17.jpeg 1280w\" sizes=\"auto, (max-width: 663px) 100vw, 663px\" \/><\/figure>\n<\/div>\n\n\n<p><strong>PodTrampo \u2013 O podcast sobre empregabilidade da TVTEC Jundia\u00ed<\/strong><\/p>\n\n\n\n<p><a href=\"https:\/\/www.facebook.com\/tvtecjundiai\/videos\/446632957602455\" data-type=\"URL\" data-id=\"https:\/\/www.facebook.com\/tvtecjundiai\/videos\/446632957602455\">Assista no Facebook<\/a><\/p>\n\n\n\n<p><a href=\"https:\/\/www.youtube.com\/watch?v=RnTVWFmpIq0\" data-type=\"URL\" data-id=\"https:\/\/www.youtube.com\/watch?v=RnTVWFmpIq0\">Assista no YouTube<\/a><\/p>\n\n\n\n<p><a href=\"https:\/\/open.spotify.com\/show\/7z6svX7eOSDP0ro1CLadv9\">Ou\u00e7a no Spotify<\/a><\/p>\n\n\n\n<p><a href=\"https:\/\/www.deezer.com\/br\/show\/3705277\">Ou\u00e7a no Deezer<\/a><\/p>\n\n\n\n<p><a href=\"https:\/\/podcasts.apple.com\/br\/podcast\/podtrampo\/id1624539227\">Ou\u00e7a no iTunes<\/a><\/p>\n\n\n\n<p><strong><em>(Fonte\/Imagem: TVTEC Jundia\u00ed)<\/em><\/strong><\/p>\n","protected":false},"excerpt":{"rendered":"<p>Iniciativa visa confeccionar e doar toucas de personagens para crian\u00e7as em tratamento oncol\u00f3gico<\/p>\n","protected":false},"author":30,"featured_media":100078,"comment_status":"closed","ping_status":"0","sticky":false,"template":"","format":"standard","meta":{"footnotes":""},"categories":[8362,8356,1],"tags":[],"class_list":["post-100069","post","type-post","status-publish","format-standard","has-post-thumbnail","hentry","category-empreendedorismo","category-jundiai","category-noticias"],"_links":{"self":[{"href":"https:\/\/tvtecjundiai.com.br\/news\/wp-json\/wp\/v2\/posts\/100069","targetHints":{"allow":["GET"]}}],"collection":[{"href":"https:\/\/tvtecjundiai.com.br\/news\/wp-json\/wp\/v2\/posts"}],"about":[{"href":"https:\/\/tvtecjundiai.com.br\/news\/wp-json\/wp\/v2\/types\/post"}],"author":[{"embeddable":true,"href":"https:\/\/tvtecjundiai.com.br\/news\/wp-json\/wp\/v2\/users\/30"}],"replies":[{"embeddable":true,"href":"https:\/\/tvtecjundiai.com.br\/news\/wp-json\/wp\/v2\/comments?post=100069"}],"version-history":[{"count":3,"href":"https:\/\/tvtecjundiai.com.br\/news\/wp-json\/wp\/v2\/posts\/100069\/revisions"}],"predecessor-version":[{"id":100079,"href":"https:\/\/tvtecjundiai.com.br\/news\/wp-json\/wp\/v2\/posts\/100069\/revisions\/100079"}],"wp:featuredmedia":[{"embeddable":true,"href":"https:\/\/tvtecjundiai.com.br\/news\/wp-json\/wp\/v2\/media\/100078"}],"wp:attachment":[{"href":"https:\/\/tvtecjundiai.com.br\/news\/wp-json\/wp\/v2\/media?parent=100069"}],"wp:term":[{"taxonomy":"category","embeddable":true,"href":"https:\/\/tvtecjundiai.com.br\/news\/wp-json\/wp\/v2\/categories?post=100069"},{"taxonomy":"post_tag","embeddable":true,"href":"https:\/\/tvtecjundiai.com.br\/news\/wp-json\/wp\/v2\/tags?post=100069"}],"curies":[{"name":"wp","href":"https:\/\/api.w.org\/{rel}","templated":true}]}}