{"id":10010,"date":"2018-05-09T08:03:40","date_gmt":"2018-05-09T11:03:40","guid":{"rendered":"https:\/\/tvtecjundiai.com.br\/news\/?p=10010"},"modified":"2018-05-09T11:54:54","modified_gmt":"2018-05-09T14:54:54","slug":"sexta-no-centro-tera-hits-dos-anos-80-e-90","status":"publish","type":"post","link":"https:\/\/tvtecjundiai.com.br\/news\/2018\/05\/09\/sexta-no-centro-tera-hits-dos-anos-80-e-90\/","title":{"rendered":"\u201cSexta no Centro\u201d ter\u00e1 hits dos anos 80 e 90"},"content":{"rendered":"<div id=\"attachment_10036\" style=\"width: 460px\" class=\"wp-caption alignright\"><a href=\"https:\/\/tvtecjundiai.com.br\/news\/wp-content\/uploads\/sites\/2\/2018\/05\/37060112583_4bcb5ccdf6_k.jpg\"><img loading=\"lazy\" decoding=\"async\" aria-describedby=\"caption-attachment-10036\" class=\"wp-image-10036\" src=\"https:\/\/tvtecjundiai.com.br\/news\/wp-content\/uploads\/sites\/2\/2018\/05\/37060112583_4bcb5ccdf6_k-300x199.jpg\" alt=\"\" width=\"450\" height=\"299\" srcset=\"https:\/\/tvtecjundiai.com.br\/news\/wp-content\/uploads\/sites\/2\/2018\/05\/37060112583_4bcb5ccdf6_k-300x199.jpg 300w, https:\/\/tvtecjundiai.com.br\/news\/wp-content\/uploads\/sites\/2\/2018\/05\/37060112583_4bcb5ccdf6_k-768x510.jpg 768w, https:\/\/tvtecjundiai.com.br\/news\/wp-content\/uploads\/sites\/2\/2018\/05\/37060112583_4bcb5ccdf6_k-1200x797.jpg 1200w, https:\/\/tvtecjundiai.com.br\/news\/wp-content\/uploads\/sites\/2\/2018\/05\/37060112583_4bcb5ccdf6_k.jpg 2048w\" sizes=\"auto, (max-width: 450px) 100vw, 450px\" \/><\/a><p id=\"caption-attachment-10036\" class=\"wp-caption-text\">As apresenta\u00e7\u00f5es musicais come\u00e7am \u00e0s 18h<\/p><\/div>\n<p>A edi\u00e7\u00e3o de maio da Sexta no Centro, que ser\u00e1 realizada no dia 11, vem com embalo dan\u00e7ante para a abertura do 22\u00ba Enredan\u00e7a. O evento acontece das 18h \u00e0s 22h, na Pra\u00e7a Marechal Floriano Peixoto (Pra\u00e7a do Coreto), com atra\u00e7\u00f5es musicais e gastron\u00f4micas, al\u00e9m de apresenta\u00e7\u00f5es de dan\u00e7a, free dancers e uma surpresa preparada para encantar e embalar quem estiver na pra\u00e7a.<\/p>\n<p>As apresenta\u00e7\u00f5es musicais come\u00e7am \u00e0s 18h, com a banda Sombra e \u00c1gua Fresca, que leva ao palco hits dan\u00e7antes de diversos estilos musicais, como boleros, forr\u00f3, samba e cha-cha-cha. J\u00e1 a partir das 20h quem sobe ao Coreto \u00e9 a banda Diva&amp;Hits, que traz como proposta a uni\u00e3o de \u201ccovers\u201d de m\u00fasicas internacionais famosas das d\u00e9cadas de 1980 e 90, com performances descontra\u00eddas e arranjos eletr\u00f4nicos em m\u00fasicas ao vivo.<\/p>\n<p>Treze barracas garantem as op\u00e7\u00f5es gastron\u00f4micas da noite, que vai contar com salgados, pasteis, p\u00e3es, lanches, espetinhos, comida \u00e1rabe, derivados de milho, tapioca, frango frito e caldo de cana, al\u00e9m dos doces, bolos, churros e salada de fruta.<\/p>\n<p>O artesanato fica por conta dos artistas do Jundia\u00ed Feito \u00e0 M\u00e3o, com bonecas, acess\u00f3rios decorativos, kits e utilit\u00e1rios dom\u00e9sticos, tape\u00e7arias, pe\u00e7as em tecidos e juta, al\u00e9m de itens com pe\u00e7as reaproveitadas de motos e bicicletas.<\/p>\n<p><strong>O Enredan\u00e7a<\/strong><\/p>\n<p>O Enredan\u00e7a chega \u00e0 sua 22\u00aa edi\u00e7\u00e3o com mais de 230 coreografias de 65 grupos e academias e acontece at\u00e9 o dia 27 de maio. Com a proposta de trazer espet\u00e1culos, feiras, cursos e workshops gratuitos, o festival \u00e9 composto pelas Mostras Competitiva e Paralela em diversos palcos da cidade.<\/p>\n<p>Tamb\u00e9m faz parte da programa\u00e7\u00e3o a Feira Passos e Palcos, no Complexo Fepasa, nos dias 19, 20 e 26 de maio, das 10h \u00e0s 17h, com apresenta\u00e7\u00f5es da Mostra Paralela, aul\u00f5es abertos, Agita Jundia\u00ed com Zumba, al\u00e9m das atra\u00e7\u00f5es gastron\u00f4micas e de artesanato do Jundia\u00ed feito \u00e0 M\u00e3o.<\/p>\n<p><em>Fonte: Prefeitura de Jundia\u00ed<\/em><\/p>\n","protected":false},"excerpt":{"rendered":"<p>A festa come\u00e7a \u00e0s 18h com apresenta\u00e7\u00f5es musicais<\/p>\n","protected":false},"author":10,"featured_media":10036,"comment_status":"closed","ping_status":"closed","sticky":false,"template":"","format":"standard","meta":{"footnotes":""},"categories":[2833,29],"tags":[716,5,1519,15],"class_list":["post-10010","post","type-post","status-publish","format-standard","has-post-thumbnail","hentry","category-cultura","category-destaque","tag-enredanca","tag-jundiai","tag-sexta-no-centro","tag-tvtec"],"_links":{"self":[{"href":"https:\/\/tvtecjundiai.com.br\/news\/wp-json\/wp\/v2\/posts\/10010","targetHints":{"allow":["GET"]}}],"collection":[{"href":"https:\/\/tvtecjundiai.com.br\/news\/wp-json\/wp\/v2\/posts"}],"about":[{"href":"https:\/\/tvtecjundiai.com.br\/news\/wp-json\/wp\/v2\/types\/post"}],"author":[{"embeddable":true,"href":"https:\/\/tvtecjundiai.com.br\/news\/wp-json\/wp\/v2\/users\/10"}],"replies":[{"embeddable":true,"href":"https:\/\/tvtecjundiai.com.br\/news\/wp-json\/wp\/v2\/comments?post=10010"}],"version-history":[{"count":6,"href":"https:\/\/tvtecjundiai.com.br\/news\/wp-json\/wp\/v2\/posts\/10010\/revisions"}],"predecessor-version":[{"id":10040,"href":"https:\/\/tvtecjundiai.com.br\/news\/wp-json\/wp\/v2\/posts\/10010\/revisions\/10040"}],"wp:featuredmedia":[{"embeddable":true,"href":"https:\/\/tvtecjundiai.com.br\/news\/wp-json\/wp\/v2\/media\/10036"}],"wp:attachment":[{"href":"https:\/\/tvtecjundiai.com.br\/news\/wp-json\/wp\/v2\/media?parent=10010"}],"wp:term":[{"taxonomy":"category","embeddable":true,"href":"https:\/\/tvtecjundiai.com.br\/news\/wp-json\/wp\/v2\/categories?post=10010"},{"taxonomy":"post_tag","embeddable":true,"href":"https:\/\/tvtecjundiai.com.br\/news\/wp-json\/wp\/v2\/tags?post=10010"}],"curies":[{"name":"wp","href":"https:\/\/api.w.org\/{rel}","templated":true}]}}