{"id":100131,"date":"2022-10-26T12:40:51","date_gmt":"2022-10-26T15:40:51","guid":{"rendered":"https:\/\/tvtecjundiai.com.br\/news\/?p=100131"},"modified":"2022-10-26T14:19:36","modified_gmt":"2022-10-26T17:19:36","slug":"transporte-coletivo-de-jundiai-tera-tarifa-social-no-domingo-30","status":"publish","type":"post","link":"https:\/\/tvtecjundiai.com.br\/news\/2022\/10\/26\/transporte-coletivo-de-jundiai-tera-tarifa-social-no-domingo-30\/","title":{"rendered":"Transporte coletivo de Jundia\u00ed ter\u00e1 tarifa social no domingo (30)"},"content":{"rendered":"\n<p>Assim como praticado no primeiro turno, o munic\u00edpio de Jundia\u00ed adotar\u00e1, de forma antecipada, a tarifa social de R$ 1 para os usu\u00e1rios do transporte coletivo urbano, no pr\u00f3ximo domingo (30). Ressalta-se que a tarifa social com desconto est\u00e1 prevista em legisla\u00e7\u00e3o municipal.<\/p>\n\n\n<div class=\"wp-block-image\">\n<figure class=\"aligncenter size-large is-resized\"><img loading=\"lazy\" decoding=\"async\" src=\"https:\/\/tvtecjundiai.com.br\/news\/wp-content\/uploads\/sites\/2\/2022\/10\/onibus-3-1200x787.jpg\" alt=\"\" class=\"wp-image-100139\" width=\"745\" height=\"488\" srcset=\"https:\/\/tvtecjundiai.com.br\/news\/wp-content\/uploads\/sites\/2\/2022\/10\/onibus-3-1200x787.jpg 1200w, https:\/\/tvtecjundiai.com.br\/news\/wp-content\/uploads\/sites\/2\/2022\/10\/onibus-3-300x197.jpg 300w, https:\/\/tvtecjundiai.com.br\/news\/wp-content\/uploads\/sites\/2\/2022\/10\/onibus-3-768x503.jpg 768w, https:\/\/tvtecjundiai.com.br\/news\/wp-content\/uploads\/sites\/2\/2022\/10\/onibus-3.jpg 1280w\" sizes=\"auto, (max-width: 745px) 100vw, 745px\" \/><\/figure>\n<\/div>\n\n\n<p><strong><em>(Fonte\/Imagem: Prefeitura de Jundia\u00ed)<\/em><\/strong><\/p>\n","protected":false},"excerpt":{"rendered":"<p>A tarifa social de R$ 1 est\u00e1 prevista em legisla\u00e7\u00e3o municipal<\/p>\n","protected":false},"author":27,"featured_media":97112,"comment_status":"closed","ping_status":"0","sticky":false,"template":"","format":"standard","meta":{"footnotes":""},"categories":[2834,8356,1,3059],"tags":[],"class_list":["post-100131","post","type-post","status-publish","format-standard","has-post-thumbnail","hentry","category-cidades","category-jundiai","category-noticias","category-transportes"],"_links":{"self":[{"href":"https:\/\/tvtecjundiai.com.br\/news\/wp-json\/wp\/v2\/posts\/100131","targetHints":{"allow":["GET"]}}],"collection":[{"href":"https:\/\/tvtecjundiai.com.br\/news\/wp-json\/wp\/v2\/posts"}],"about":[{"href":"https:\/\/tvtecjundiai.com.br\/news\/wp-json\/wp\/v2\/types\/post"}],"author":[{"embeddable":true,"href":"https:\/\/tvtecjundiai.com.br\/news\/wp-json\/wp\/v2\/users\/27"}],"replies":[{"embeddable":true,"href":"https:\/\/tvtecjundiai.com.br\/news\/wp-json\/wp\/v2\/comments?post=100131"}],"version-history":[{"count":2,"href":"https:\/\/tvtecjundiai.com.br\/news\/wp-json\/wp\/v2\/posts\/100131\/revisions"}],"predecessor-version":[{"id":100142,"href":"https:\/\/tvtecjundiai.com.br\/news\/wp-json\/wp\/v2\/posts\/100131\/revisions\/100142"}],"wp:featuredmedia":[{"embeddable":true,"href":"https:\/\/tvtecjundiai.com.br\/news\/wp-json\/wp\/v2\/media\/97112"}],"wp:attachment":[{"href":"https:\/\/tvtecjundiai.com.br\/news\/wp-json\/wp\/v2\/media?parent=100131"}],"wp:term":[{"taxonomy":"category","embeddable":true,"href":"https:\/\/tvtecjundiai.com.br\/news\/wp-json\/wp\/v2\/categories?post=100131"},{"taxonomy":"post_tag","embeddable":true,"href":"https:\/\/tvtecjundiai.com.br\/news\/wp-json\/wp\/v2\/tags?post=100131"}],"curies":[{"name":"wp","href":"https:\/\/api.w.org\/{rel}","templated":true}]}}