{"id":100133,"date":"2022-10-26T14:09:06","date_gmt":"2022-10-26T17:09:06","guid":{"rendered":"https:\/\/tvtecjundiai.com.br\/news\/?p=100133"},"modified":"2022-10-26T14:09:07","modified_gmt":"2022-10-26T17:09:07","slug":"unianchieta-realiza-sabadao-do-microempreendedor-no-dia-5-de-novembro","status":"publish","type":"post","link":"https:\/\/tvtecjundiai.com.br\/news\/2022\/10\/26\/unianchieta-realiza-sabadao-do-microempreendedor-no-dia-5-de-novembro\/","title":{"rendered":"Unianchieta realiza &#8216;Sabad\u00e3o do microempreendedor&#8217; no dia 5 de novembro"},"content":{"rendered":"\n<p>A Unianchieta Jundia\u00ed realiza no dia 5 de novembro, das 8h \u00e0s 12h, o &#8216;Sabad\u00e3o do microempreendedor&#8217;. No evento, al\u00e9m de uma palestra inicial sobre empreendedorismo, os visitantes poder\u00e3o conferir as apresenta\u00e7\u00f5es de trabalhos dos alunos dos cursos de Administra\u00e7\u00e3o e Ci\u00eancias Cont\u00e1beis, com temas voltados para o empreendedorismo, comunica\u00e7\u00e3o, atendimento ao cliente, marketing, educa\u00e7\u00e3o financeira e muito mais. <\/p>\n\n\n\n<p>O Sabad\u00e3o do microempreendedor come\u00e7a \u00e0s 8h, e a abertura do evento fica por conta da coordenadora dos cursos de Administra\u00e7\u00e3o, Ci\u00eancias Cont\u00e1beis, Ci\u00eancias Econ\u00f4micas e Gest\u00e3o de Recursos Humanos, Ma. Marcia Adriana da Silveira Gomes.<\/p>\n\n\n\n<p>Em seguida, \u00e0s 8h10, o palestrante do Sebrae Samuel Aguiar de Castro e Souza falar\u00e1 sobre empreendedorismo, no Anfiteatro do Campus Prof. Pedro C. Fornari. As apresenta\u00e7\u00f5es dos alunos come\u00e7am \u00e0s 9h, no Pr\u00e9dio 1 da institui\u00e7\u00e3o.<\/p>\n\n\n\n<p>Qualquer estudante que participar do evento pode fazer uso dessa participa\u00e7\u00e3o como 5 horas de atividades complementares. <\/p>\n\n\n\n<p>Confira os temas dos trabalhos dos alunos:<\/p>\n\n\n<div class=\"wp-block-image\">\n<figure class=\"aligncenter size-large is-resized\"><img loading=\"lazy\" decoding=\"async\" src=\"https:\/\/tvtecjundiai.com.br\/news\/wp-content\/uploads\/sites\/2\/2022\/10\/sabadao_page-0001-705x960.jpg\" alt=\"\" class=\"wp-image-100135\" width=\"704\" height=\"959\" srcset=\"https:\/\/tvtecjundiai.com.br\/news\/wp-content\/uploads\/sites\/2\/2022\/10\/sabadao_page-0001-705x960.jpg 705w, https:\/\/tvtecjundiai.com.br\/news\/wp-content\/uploads\/sites\/2\/2022\/10\/sabadao_page-0001-300x408.jpg 300w, https:\/\/tvtecjundiai.com.br\/news\/wp-content\/uploads\/sites\/2\/2022\/10\/sabadao_page-0001-768x1046.jpg 768w, https:\/\/tvtecjundiai.com.br\/news\/wp-content\/uploads\/sites\/2\/2022\/10\/sabadao_page-0001.jpg 1012w\" sizes=\"auto, (max-width: 704px) 100vw, 704px\" \/><\/figure>\n<\/div>\n\n\n<p><em><strong>(Fonte: TVTEC Jundia\u00ed\/Imagem: Divulga\u00e7\u00e3o)<\/strong><\/em><\/p>\n","protected":false},"excerpt":{"rendered":"<p>Palestra abre evento que conta com apresenta\u00e7\u00f5es de alunos dos cursos de Administra\u00e7\u00e3o e Ci\u00eancias Cont\u00e1beis<\/p>\n","protected":false},"author":30,"featured_media":100136,"comment_status":"closed","ping_status":"0","sticky":false,"template":"","format":"standard","meta":{"footnotes":""},"categories":[8362,8356,1],"tags":[],"class_list":["post-100133","post","type-post","status-publish","format-standard","has-post-thumbnail","hentry","category-empreendedorismo","category-jundiai","category-noticias"],"_links":{"self":[{"href":"https:\/\/tvtecjundiai.com.br\/news\/wp-json\/wp\/v2\/posts\/100133","targetHints":{"allow":["GET"]}}],"collection":[{"href":"https:\/\/tvtecjundiai.com.br\/news\/wp-json\/wp\/v2\/posts"}],"about":[{"href":"https:\/\/tvtecjundiai.com.br\/news\/wp-json\/wp\/v2\/types\/post"}],"author":[{"embeddable":true,"href":"https:\/\/tvtecjundiai.com.br\/news\/wp-json\/wp\/v2\/users\/30"}],"replies":[{"embeddable":true,"href":"https:\/\/tvtecjundiai.com.br\/news\/wp-json\/wp\/v2\/comments?post=100133"}],"version-history":[{"count":1,"href":"https:\/\/tvtecjundiai.com.br\/news\/wp-json\/wp\/v2\/posts\/100133\/revisions"}],"predecessor-version":[{"id":100137,"href":"https:\/\/tvtecjundiai.com.br\/news\/wp-json\/wp\/v2\/posts\/100133\/revisions\/100137"}],"wp:featuredmedia":[{"embeddable":true,"href":"https:\/\/tvtecjundiai.com.br\/news\/wp-json\/wp\/v2\/media\/100136"}],"wp:attachment":[{"href":"https:\/\/tvtecjundiai.com.br\/news\/wp-json\/wp\/v2\/media?parent=100133"}],"wp:term":[{"taxonomy":"category","embeddable":true,"href":"https:\/\/tvtecjundiai.com.br\/news\/wp-json\/wp\/v2\/categories?post=100133"},{"taxonomy":"post_tag","embeddable":true,"href":"https:\/\/tvtecjundiai.com.br\/news\/wp-json\/wp\/v2\/tags?post=100133"}],"curies":[{"name":"wp","href":"https:\/\/api.w.org\/{rel}","templated":true}]}}