{"id":10020,"date":"2018-05-09T08:41:35","date_gmt":"2018-05-09T11:41:35","guid":{"rendered":"https:\/\/tvtecjundiai.com.br\/news\/?p=10020"},"modified":"2018-05-09T12:08:19","modified_gmt":"2018-05-09T15:08:19","slug":"prazo-para-regularizar-o-titulo-eleitoral-termina-nesta-quarta-9","status":"publish","type":"post","link":"https:\/\/tvtecjundiai.com.br\/news\/2018\/05\/09\/prazo-para-regularizar-o-titulo-eleitoral-termina-nesta-quarta-9\/","title":{"rendered":"Prazo para regularizar o t\u00edtulo eleitoral termina nesta quarta (9)"},"content":{"rendered":"<p>&nbsp;<\/p>\n<div id=\"attachment_10021\" style=\"width: 460px\" class=\"wp-caption alignleft\"><a href=\"https:\/\/tvtecjundiai.com.br\/news\/wp-content\/uploads\/sites\/2\/2018\/05\/titulo-eleitor-07052018092826167.jpeg\"><img loading=\"lazy\" decoding=\"async\" aria-describedby=\"caption-attachment-10021\" class=\"wp-image-10021\" src=\"https:\/\/tvtecjundiai.com.br\/news\/wp-content\/uploads\/sites\/2\/2018\/05\/titulo-eleitor-07052018092826167-300x199.jpeg\" alt=\"\" width=\"450\" height=\"298\" srcset=\"https:\/\/tvtecjundiai.com.br\/news\/wp-content\/uploads\/sites\/2\/2018\/05\/titulo-eleitor-07052018092826167-300x199.jpeg 300w, https:\/\/tvtecjundiai.com.br\/news\/wp-content\/uploads\/sites\/2\/2018\/05\/titulo-eleitor-07052018092826167.jpeg 460w\" sizes=\"auto, (max-width: 450px) 100vw, 450px\" \/><\/a><p id=\"caption-attachment-10021\" class=\"wp-caption-text\">O t\u00edtulo de eleitor foi criado em 1881. Os modelos passaram por mudan\u00e7a ao longo dos anos<\/p><\/div>\n<p>O prazo para transfer\u00eancia, atualiza\u00e7\u00e3o ou emiss\u00e3o do t\u00edtulo eleitoral termina nesta quarta-feira (9).\u00a0O eleitor que completa 18 anos at\u00e9 7 de outubro, dia do 1\u00ba turno, precisa\u00a0emitir o t\u00edtulo at\u00e9 essa data. Esse tamb\u00e9m \u00e9 o prazo para quem mudou de endere\u00e7o e deseja transferir o t\u00edtulo eleitoral.\u00a0 O procedimento exige a apresenta\u00e7\u00e3o do comprovante de resid\u00eancia e de um documento oficial com foto em uma unidade do cart\u00f3rio eleitoral. Para transfer\u00eancia do documento, o eleitor deve residir a pelo menos tr\u00eas meses no novo munic\u00edpio.<\/p>\n<p>O voto \u00e9 obrigat\u00f3rio no Brasil. Apenas eleitores que t\u00eam menos de 18 anos ou mais de 70 anos n\u00e3o precisam votar. O voto tamb\u00e9m \u00e9 facultativo para analfabetos. Em 2018,\u00a0s eleitores votam neste ano para presidente, governador, senador, deputado federal e deputado estadual ou distrital.<\/p>\n<p>O 1\u00ba turno ocorre daqui a cinco meses, no dia 7 de outubro. Se nenhum dos candidatos a presidente ou governador tiver mais da metade dos votos v\u00e1lidos, o 2\u00ba turno deve ocorrer em 28 de outubro.<\/p>\n<p>Desde segunda-feira (7), alguns \u00f3rg\u00e3os da Justi\u00e7a eleitoral pelo pa\u00eds tem registrado longas filas. Outro fator obrigat\u00f3rio para as elei\u00e7\u00f5es deste ano \u00e9 a biometria. No Brasil, 2.800 cidades aderem ao sistema. Caso o eleitor n\u00e3o tenha feito o cadastro exigido pela cidade, o t\u00edtulo de eleitor ser\u00e1 cancelado.\u00a0Ainda, segundo o Tribunal Superior Eleitoral (TSE), quem n\u00e3o votou nem justificou aus\u00eancia nas \u00faltimas tr\u00eas elei\u00e7\u00f5es teve t\u00edtulo cancelado e deve procurar a Justi\u00e7a Eleitoral para regularizar a situa\u00e7\u00e3o.<\/p>\n<p>A partir deste ano tamb\u00e9m o documento\u00a0eleitoral de uma pessoa transg\u00eanero trar\u00e1 apenas\u00a0o nome social com o qual ela se identifica, e n\u00e3o ter\u00e1 o nome da certid\u00e3o de nascimento. Pessoas trans poder\u00e3o pedir a mudan\u00e7a no documento no cart\u00f3rio eleitoral da cidade tamb\u00e9m at\u00e9 9 de maio. S TSE, pelo menos\u00a01,4 mil transexuais e travestis pediram o registro de nome social.<\/p>\n<p><em>Fonte: Portal G1<\/em><\/p>\n","protected":false},"excerpt":{"rendered":"<p>Se houver irregularidades, o eleitor ter\u00e1 problemas com concursos e empr\u00e9stimos <\/p>\n","protected":false},"author":11,"featured_media":9867,"comment_status":"closed","ping_status":"closed","sticky":false,"template":"","format":"standard","meta":{"footnotes":""},"categories":[2834,29,1],"tags":[],"class_list":["post-10020","post","type-post","status-publish","format-standard","has-post-thumbnail","hentry","category-cidades","category-destaque","category-noticias"],"_links":{"self":[{"href":"https:\/\/tvtecjundiai.com.br\/news\/wp-json\/wp\/v2\/posts\/10020","targetHints":{"allow":["GET"]}}],"collection":[{"href":"https:\/\/tvtecjundiai.com.br\/news\/wp-json\/wp\/v2\/posts"}],"about":[{"href":"https:\/\/tvtecjundiai.com.br\/news\/wp-json\/wp\/v2\/types\/post"}],"author":[{"embeddable":true,"href":"https:\/\/tvtecjundiai.com.br\/news\/wp-json\/wp\/v2\/users\/11"}],"replies":[{"embeddable":true,"href":"https:\/\/tvtecjundiai.com.br\/news\/wp-json\/wp\/v2\/comments?post=10020"}],"version-history":[{"count":3,"href":"https:\/\/tvtecjundiai.com.br\/news\/wp-json\/wp\/v2\/posts\/10020\/revisions"}],"predecessor-version":[{"id":10058,"href":"https:\/\/tvtecjundiai.com.br\/news\/wp-json\/wp\/v2\/posts\/10020\/revisions\/10058"}],"wp:featuredmedia":[{"embeddable":true,"href":"https:\/\/tvtecjundiai.com.br\/news\/wp-json\/wp\/v2\/media\/9867"}],"wp:attachment":[{"href":"https:\/\/tvtecjundiai.com.br\/news\/wp-json\/wp\/v2\/media?parent=10020"}],"wp:term":[{"taxonomy":"category","embeddable":true,"href":"https:\/\/tvtecjundiai.com.br\/news\/wp-json\/wp\/v2\/categories?post=10020"},{"taxonomy":"post_tag","embeddable":true,"href":"https:\/\/tvtecjundiai.com.br\/news\/wp-json\/wp\/v2\/tags?post=10020"}],"curies":[{"name":"wp","href":"https:\/\/api.w.org\/{rel}","templated":true}]}}