{"id":100212,"date":"2022-10-27T17:16:57","date_gmt":"2022-10-27T20:16:57","guid":{"rendered":"https:\/\/tvtecjundiai.com.br\/news\/?p=100212"},"modified":"2022-10-27T17:17:02","modified_gmt":"2022-10-27T20:17:02","slug":"prefeitura-divulga-abre-e-fecha-para-o-feriado-de-finados","status":"publish","type":"post","link":"https:\/\/tvtecjundiai.com.br\/news\/2022\/10\/27\/prefeitura-divulga-abre-e-fecha-para-o-feriado-de-finados\/","title":{"rendered":"Prefeitura divulga \u2018Abre e Fecha\u2019 para o feriado de Finados"},"content":{"rendered":"\n<p>Conforme estabelecido pelo&nbsp;<a href=\"https:\/\/jundiai.sp.gov.br\/administracao-e-gestao-de-pessoas\/wp-content\/uploads\/sites\/16\/2021\/11\/decreto-30-673-2021-feriados-e-pontos-facultativos-2022.pdf\" target=\"_blank\" rel=\"noreferrer noopener\">Decreto Municipal n\u00ba 30.673, de 22 de novembro de 2021<\/a>, que define como ponto facultativo o Dia de Todos os Santos, na pr\u00f3xima ter\u00e7a-feira (01) e como feriado nacional o Dia de Finados, na pr\u00f3xima quarta-feira (02), alguns servi\u00e7os e equipamentos p\u00fablicos municipais poder\u00e3o ter altera\u00e7\u00f5es em seus funcionamentos nos pr\u00f3ximos dias. Confira abaixo os detalhes:<\/p>\n\n\n\n<p><strong>Fumas<\/strong><br>Os cemit\u00e9rios municipais Nossa Senhora do Montenegro e Nossa Senhora do Desterro permanecem abertos normalmente durante o per\u00edodo, das 7h \u00e0s 17h, tanto para sepultamentos quanto para visitas. De 29 de outubro at\u00e9 quarta-feira (02), n\u00e3o ser\u00e3o permitidas reformas nas sepulturas.&nbsp;<a href=\"https:\/\/jundiai.sp.gov.br\/noticias\/2022\/10\/27\/finados-horarios-das-missas-e-de-funcionamento-dos-cemiterios-o-feriado\/\">Confira os detalhes<\/a>.<\/p>\n\n\n\n<p>O atendimento do vel\u00f3rio Adamastor Fernandes tamb\u00e9m segue o funcionamento 24 horas por dia, todos os dias da semana.<\/p>\n\n\n\n<p>J\u00e1 o setor administrativo da&nbsp;<a href=\"https:\/\/fumas.jundiai.sp.gov.br\/\" target=\"_blank\" rel=\"noreferrer noopener\">Funda\u00e7\u00e3o Municipal de A\u00e7\u00e3o Social (Fumas)<\/a>, que fica na avenida Uni\u00e3o dos Ferrovi\u00e1rios, 2222, permanece fechada at\u00e9 a quarta-feira (02), retomando o atendimento presencial na quinta-feira (03), \u00e0s 8h.<\/p>\n\n\n\n<figure class=\"wp-block-image\"><img decoding=\"async\" src=\"https:\/\/jundiai.sp.gov.br\/noticias\/wp-content\/uploads\/sites\/32\/2022\/10\/aereas-cemiterio-nossa-senhora-do-desterro-centro_c_-2.jpg\" alt=\"\" class=\"wp-image-304454\" \/><figcaption>Na quarta (02), n\u00e3o est\u00e3o autorizadas reformas nas sepulturas dos cemit\u00e9rios municipais, somente visitas<\/figcaption><\/figure>\n\n\n\n<p><strong>Pa\u00e7o Municipal<\/strong><br>O Pa\u00e7o permanece fechado nesta segunda (31), ter\u00e7a (01) e quarta (02) e reabre na quinta-feira (03), \u00e0s 8h.<\/p>\n\n\n\n<p><strong>Mobilidade e Transporte<\/strong><br>Durante a segunda (31) e a ter\u00e7a-feira (01), todas as linhas seguem tabela hor\u00e1ria normal, exceto a linha que atende o Pa\u00e7o Municipal, que vai operar com hor\u00e1rios especiais, pois n\u00e3o haver\u00e1 expediente. J\u00e1 na quarta-feira (02), as linhas funcionam com os hor\u00e1rios de domingos e feriados.<\/p>\n\n\n\n<p><a href=\"https:\/\/situ.jundiai.sp.gov.br\/\" target=\"_blank\" rel=\"noreferrer noopener\">As tabelas hor\u00e1rias dos \u00f4nibus podem ser conferidas na internet<\/a>.<\/p>\n\n\n\n<p><strong>Sa\u00fade<\/strong><br>As Unidades B\u00e1sicas de Sa\u00fade (UBSs), Cl\u00ednicas da Fam\u00edlia, Ambulat\u00f3rios, CAPS 2, CAPS 3 e o CAPS Infantojuvenil permanecem fechados a partir da segunda (31) e reabrem na quinta-feira (03). J\u00e1 o CAPS AD fica aberto 24 horas, apenas para acolhidos.<\/p>\n\n\n\n<p>As Unidades de Pronto-Atendimento (PAs) da Ponte S\u00e3o Jo\u00e3o (rua Santo Ant\u00f4nio, 191), Retiro (rua Maria L\u00facia de Almeida, 100) e Hortol\u00e2ndia (rua Campinas, 58, Vila Hortol\u00e2ndia) funcionam das 7h \u00e0s 19h (com fechamento dos port\u00f5es \u00e0s 18h), para atendimento de s\u00edndrome gripal e demanda geral adulto e crian\u00e7a.<\/p>\n\n\n\n<p>As situa\u00e7\u00f5es de urg\u00eancia devem ser encaminhadas para PA Central (adultos), Hospital Universit\u00e1rio (gestantes, crian\u00e7as e adolescentes), UPA 24h Vetor Oeste (crian\u00e7as e adultos), diariamente, 24h. O Hospital S\u00e3o Vicente de Paulo permanece sem altera\u00e7\u00e3o no fluxo de atendimento.<\/p>\n\n\n\n<p>O cronograma de vacina\u00e7\u00e3o contra Covid-19 segue conforme divulgado previamente no&nbsp;<a href=\"https:\/\/jundiai.sp.gov.br\/coronavirus\/calendario-de-vacinacao\/\">Calend\u00e1rio de Vacina\u00e7\u00e3o<\/a>.<\/p>\n\n\n\n<p><strong>Educa\u00e7\u00e3o<\/strong><br>As unidades de ensino da rede municipal tamb\u00e9m n\u00e3o funcionam a partir da segunda (31) e retomam o atendimento normal na quinta-feira (03).<\/p>\n\n\n\n<figure class=\"wp-block-image\"><img decoding=\"async\" src=\"https:\/\/jundiai.sp.gov.br\/noticias\/wp-content\/uploads\/sites\/32\/2022\/10\/paco-municipal_fm_-28.jpg\" alt=\"\" class=\"wp-image-304458\" \/><figcaption>Pa\u00e7o Municipal retoma o atendimento na quinta-feira (03), \u00e0s 8h<\/figcaption><\/figure>\n\n\n\n<p><strong>Cultura<\/strong><br>Os equipamentos culturais seguem seus hor\u00e1rios de funcionamento normais de fim de semana, para este s\u00e1bado (29) e domingo (30).<\/p>\n\n\n\n<p>J\u00e1 na segunda-feira (31), todos eles estar\u00e3o fechados para limpeza e manuten\u00e7\u00e3o de rotina.<\/p>\n\n\n\n<p>Na ter\u00e7a (01) e quarta (02), ficam abertos: das 9h \u00e0s 13h a Biblioteca Municipal Professor Nelson Foot e a F\u00e1brica das Inf\u00e2ncias Japy; e das 10h \u00e0s 17h o Museu Hist\u00f3rico e Cultural de Jundia\u00ed (Solar do Bar\u00e3o), o Museu Ferrovi\u00e1rio e a Pinacoteca Municipal Di\u00f3genes Duarte Paes.<\/p>\n\n\n\n<p>J\u00e1 na quinta-feira (03), o retorno \u00e0s atividades no Teatro Polytheama, no Espa\u00e7o Expressa (antigo Complexo Fepasa) e na Pracinha da Cultura do Vista Alegre (antigo CEU das Artes) ser\u00e1 \u00e0s 8h; na Biblioteca e na F\u00e1brica Japy \u00e0s 9h e nos Museus e na Pinacoteca, \u00e0s 10h.<\/p>\n\n\n\n<p><a href=\"https:\/\/cultura.jundiai.sp.gov.br\/agenda\/\" target=\"_blank\" rel=\"noreferrer noopener\">A agenda completa dos equipamentos culturais pode ser conferida no site da Cultura<\/a>.<\/p>\n\n\n\n<p><strong>Parques<\/strong><br>O&nbsp;<a rel=\"noreferrer noopener\" href=\"https:\/\/mundodascriancasjundiai.com.br\/\" target=\"_blank\">Mundo das Crian\u00e7as<\/a>&nbsp;(Rodovia Jo\u00e3o Cereser \u2013 km 64,4) funcionar\u00e1 neste s\u00e1bado (29) e domingo (30), por&nbsp;<a rel=\"noreferrer noopener\" href=\"http:\/\/www.mundodascriancasjundiai.com.br\/agendamento\" target=\"_blank\">meio de agendamento pr\u00e9vio no site<\/a>. J\u00e1 na segunda-feira (31), o Mundo n\u00e3o ir\u00e1 abrir; na ter\u00e7a (01) ter\u00e1 entrada livre e na quarta-feira (02) ter\u00e1 entrada por meio de agendamento pr\u00e9vio, aberto na segunda (31), \u00e0s 12h. O Mundo funciona das 7h \u00e0s 17h, com entrada at\u00e9 as 16h.<\/p>\n\n\n\n<p>J\u00e1 o&nbsp;<a rel=\"noreferrer noopener\" href=\"https:\/\/parquedacidadejundiai.com.br\/\" target=\"_blank\">Parque da Cidade<\/a>&nbsp;(Rodovia Jo\u00e3o Cereser \u2013 km 66) abre todos os dias, a partir das 6h30. Aos finais de semana e feriados, fecha \u00e0s 18h, com acesso permitido at\u00e9 17h. Na segunda (31) e ter\u00e7a (01), o Parque fica aberto at\u00e9 19h, com entrada at\u00e9 \u00e0s 18h.<\/p>\n\n\n\n<figure class=\"wp-block-image\"><img decoding=\"async\" src=\"https:\/\/jundiai.sp.gov.br\/noticias\/wp-content\/uploads\/sites\/32\/2022\/10\/fabrica-das-infancias-japy-natureza-que-inspira_fm_-43.jpg\" alt=\"\" class=\"wp-image-304459\" \/><figcaption>F\u00e1brica das Inf\u00e2ncias Japy s\u00f3 fica fechada na segunda (31), como os demais equipamentos culturais<\/figcaption><\/figure>\n\n\n\n<p><strong>Complexos esportivos<\/strong><br>Todos os complexos esportivos ficar\u00e3o abertos neste per\u00edodo, conforme seus hor\u00e1rios de funcionamento, ficando todos fechados somente na quarta-feira (02).<\/p>\n\n\n\n<p>J\u00e1 o Complexo Esportivo Ant\u00f4nio Ov\u00eddio Bueno (vila Liberdade) permanece fechado todos os dias, pois se encontra em obras.<\/p>\n\n\n\n<p><strong>DAE<\/strong><br>Nesta segunda (31) e ter\u00e7a (01), s\u00f3 haver\u00e1 atendimento no posto do Poupatempo, ficando fechados a sede administrativa e os Postos de Atendimento nos bairros (Vila Hortol\u00e2ndia, Centro, Ponte S\u00e3o Jo\u00e3o, Eloy Chaves). J\u00e1 na quarta-feira (02), n\u00e3o haver\u00e1 atendimento em nenhuma das unidades.<\/p>\n\n\n\n<p>Em caso de emerg\u00eancia, os mun\u00edcipes podem entrar em contato com a DAE pela Central de Relacionamento, no telefone 0800 0133 155, com atendimento 24 horas.&nbsp;<a href=\"http:\/\/www.daejundiai.com.br\/\" target=\"_blank\" rel=\"noreferrer noopener\">Mais informa\u00e7\u00f5es tamb\u00e9m podem ser obtidas pelo site da empresa<\/a>.<\/p>\n\n\n\n<p><strong>Coleta de lixo<\/strong><br>Os cronogramas de coletas org\u00e2nica, seletiva cata-treco e seletiva recicl\u00e1vel seguem com normalidade e&nbsp;<a href=\"https:\/\/jundiai.sp.gov.br\/infraestrutura-e-servicos-publicos\/limpeza-publica\/coleta-organica-seletiva-e-cata-treco\/\">podem ser consultados no site da Prefeitura<\/a>.<\/p>\n\n\n\n<p><strong>Feiras e varej\u00f5es<\/strong><br>Neste per\u00edodo as feiras e varej\u00f5es municipais diurnos e noturnos seguir\u00e3o com seu funcionamento normal. Toda a programa\u00e7\u00e3o, locais e hor\u00e1rios podem ser consultados no&nbsp;<a href=\"https:\/\/abastecimento.jundiai.sp.gov.br\/programas-do-departamento-de-abastecimento\/feira-livre\/\" target=\"_blank\" rel=\"noreferrer noopener\">site do Agroneg\u00f3cio e Abastecimento<\/a>.<\/p>\n\n\n\n<figure class=\"wp-block-image\"><img decoding=\"async\" src=\"https:\/\/jundiai.sp.gov.br\/noticias\/wp-content\/uploads\/sites\/32\/2022\/10\/feira_livre_ferroviarios-17.jpg\" alt=\"\" class=\"wp-image-304466\" \/><figcaption>Feiras e varej\u00f5es seguem com funcionamento normal durante o per\u00edodo<\/figcaption><\/figure>\n\n\n\n<p><strong>Espa\u00e7o Jundia\u00ed Empreendedora<br><\/strong>O&nbsp;<a href=\"https:\/\/negocios.jundiai.sp.gov.br\/\" target=\"_blank\" rel=\"noreferrer noopener\">Espa\u00e7o Jundia\u00ed Empreendedora<\/a>, onde tamb\u00e9m funcionam o Posto de Atendimento ao Trabalhador (PAT) e o Banco do Povo, permanece fechado na segunda (31), ter\u00e7a (01) e quarta-feira (02).&nbsp; As atividades ser\u00e3o retomadas na quinta-feira (03), \u00e0s 8h. O Espa\u00e7o fica no Maxi Shopping, na avenida Ant\u00f4nio Frederico Ozanan, 6000 \u2013 Piso G3, ala Norte. Mais informa\u00e7\u00f5es pelo telefone (11) 4582-8585.<\/p>\n\n\n\n<p><strong>Procon<\/strong><br>O Procon Jundia\u00ed tamb\u00e9m permanece fechado na segunda (31), ter\u00e7a (01) e quarta-feira (02) e reabre para atendimento na quinta-feira (03), das 8h \u00e0s 16h, com&nbsp;<a rel=\"noreferrer noopener\" href=\"https:\/\/procon.jundiai.sp.gov.br\/atendimento-presencial\/\" target=\"_blank\">agendamento pela internet<\/a>. O consumidor que preferir poder\u00e1 receber atendimento on-line&nbsp;<a href=\"https:\/\/procon.jundiai.sp.gov.br\/formas-de-atendimento\/\" target=\"_blank\" rel=\"noreferrer noopener\">preenchendo formul\u00e1rio dispon\u00edvel no portal<\/a>.<\/p>\n\n\n\n<p><strong>Fundo Social<\/strong><br>O&nbsp;<a href=\"https:\/\/fundosocial.jundiai.sp.gov.br\/\" target=\"_blank\" rel=\"noreferrer noopener\">Fundo Social de Solidariedade<\/a>&nbsp;(avenida Manoela Lacerda de Vergueiro, s\/n\u00ba, Anhangaba\u00fa) n\u00e3o ter\u00e1 expediente na segunda (31), ter\u00e7a (01) e quarta-feira (02). As atividades ser\u00e3o retomadas na quinta-feira (03), \u00e0s 8h.<\/p>\n\n\n\n<figure class=\"wp-block-image\"><img decoding=\"async\" src=\"https:\/\/jundiai.sp.gov.br\/noticias\/wp-content\/uploads\/sites\/32\/2022\/10\/onibus_paco-27.jpg\" alt=\"\" class=\"wp-image-304470\" \/><figcaption>Na segunda (31) e ter\u00e7a (01), todas as linhas seguem tabela hor\u00e1ria normal, com exce\u00e7\u00e3o da 577, que atende o Pa\u00e7o Municipal<\/figcaption><\/figure>\n\n\n\n<p><strong>Assist\u00eancia e Desenvolvimento Social<\/strong><br>O Centro Pop, que fica na rua Marechal Deodoro da Fonseca, 504, Centro, para o atendimento \u00e0 popula\u00e7\u00e3o em situa\u00e7\u00e3o de rua permanecer\u00e1 aberto das 8h \u00e0s 12h, na segunda (31) e na ter\u00e7a-feira (01), retomando o atendimento normal na quinta-feira (03).<\/p>\n\n\n\n<p>Durante o per\u00edodo, as equipes do Servi\u00e7o Especial de Abordagem Social (SEAS) d\u00e3o continuidade \u00e0s a\u00e7\u00f5es de busca-ativa e ficam dispon\u00edveis para acionamento e atendimentos a chamados, 24 horas por dia, pelo telefone (11) 98531-0146.<\/p>\n\n\n\n<p><strong>Iprejun<\/strong><br>O<a rel=\"noreferrer noopener\" href=\"https:\/\/iprejun.sp.gov.br\/N\/\" target=\"_blank\">\u00a0Instituto de Previd\u00eancia do Munic\u00edpio de Jundia\u00ed (Iprejun)<\/a>, que fica na avenida Doroty Nano Martinasso, 100 \u2013 Vila Bandeirantes, tamb\u00e9m n\u00e3o ter\u00e1 expediente at\u00e9 a quarta-feira (02), com retomada das atividades na quinta-feira (03), \u00e0s 8h.<\/p>\n\n\n\n<p><strong><em>(Fonte\/Imagem: Prefeitura de Jundia\u00ed)<\/em><\/strong><\/p>\n","protected":false},"excerpt":{"rendered":"<p>Alguns servi\u00e7os e equipamentos p\u00fablicos municipais poder\u00e3o ter altera\u00e7\u00f5es em seus funcionamentos.<\/p>\n","protected":false},"author":27,"featured_media":100214,"comment_status":"closed","ping_status":"0","sticky":false,"template":"","format":"standard","meta":{"footnotes":""},"categories":[8356],"tags":[],"class_list":["post-100212","post","type-post","status-publish","format-standard","has-post-thumbnail","hentry","category-jundiai"],"_links":{"self":[{"href":"https:\/\/tvtecjundiai.com.br\/news\/wp-json\/wp\/v2\/posts\/100212","targetHints":{"allow":["GET"]}}],"collection":[{"href":"https:\/\/tvtecjundiai.com.br\/news\/wp-json\/wp\/v2\/posts"}],"about":[{"href":"https:\/\/tvtecjundiai.com.br\/news\/wp-json\/wp\/v2\/types\/post"}],"author":[{"embeddable":true,"href":"https:\/\/tvtecjundiai.com.br\/news\/wp-json\/wp\/v2\/users\/27"}],"replies":[{"embeddable":true,"href":"https:\/\/tvtecjundiai.com.br\/news\/wp-json\/wp\/v2\/comments?post=100212"}],"version-history":[{"count":1,"href":"https:\/\/tvtecjundiai.com.br\/news\/wp-json\/wp\/v2\/posts\/100212\/revisions"}],"predecessor-version":[{"id":100215,"href":"https:\/\/tvtecjundiai.com.br\/news\/wp-json\/wp\/v2\/posts\/100212\/revisions\/100215"}],"wp:featuredmedia":[{"embeddable":true,"href":"https:\/\/tvtecjundiai.com.br\/news\/wp-json\/wp\/v2\/media\/100214"}],"wp:attachment":[{"href":"https:\/\/tvtecjundiai.com.br\/news\/wp-json\/wp\/v2\/media?parent=100212"}],"wp:term":[{"taxonomy":"category","embeddable":true,"href":"https:\/\/tvtecjundiai.com.br\/news\/wp-json\/wp\/v2\/categories?post=100212"},{"taxonomy":"post_tag","embeddable":true,"href":"https:\/\/tvtecjundiai.com.br\/news\/wp-json\/wp\/v2\/tags?post=100212"}],"curies":[{"name":"wp","href":"https:\/\/api.w.org\/{rel}","templated":true}]}}