{"id":100247,"date":"2022-10-28T11:48:15","date_gmt":"2022-10-28T14:48:15","guid":{"rendered":"https:\/\/tvtecjundiai.com.br\/news\/?p=100247"},"modified":"2022-10-28T11:48:58","modified_gmt":"2022-10-28T14:48:58","slug":"brincar-livre-familias-fazem-descobertas-pelo-mundo-das-criancas","status":"publish","type":"post","link":"https:\/\/tvtecjundiai.com.br\/news\/2022\/10\/28\/brincar-livre-familias-fazem-descobertas-pelo-mundo-das-criancas\/","title":{"rendered":"BrincAR LIVRE: fam\u00edlias fazem \u2018descobertas\u2019 pelo Mundo das Crian\u00e7as"},"content":{"rendered":"\n<p>Ao longo desta quinta-feira (27), as fam\u00edlias visitadas pelo Crian\u00e7a Feliz em Jundia\u00ed puderam, a convite da Prefeitura, participar junto com os visitadores do programa de atividades da iniciativa \u201cBrincAR LIVRE\u201d no&nbsp;<a href=\"https:\/\/mundodascriancasjundiai.com.br\/\" target=\"_blank\" rel=\"noreferrer noopener\">Mundo das Crian\u00e7as<\/a>. Entre as propostas, as crian\u00e7as receberam um \u201ckit de descoberta\u201d para que, interagindo com seus cuidadores, entrassem em contato com a natureza e pudessem coletar ao ar livre elementos naturais de diversos tamanhos, cores, formatos e texturas.<\/p>\n\n\n\n<p>O \u201cBrincAR LIVRE\u201d \u00e9 uma iniciativa da Rede Urban95, da qual Jundia\u00ed faz parte, e \u00e9 viabilizada pela Allma Hub Criativo. Em Jundia\u00ed, a proposta integra o programa municipal Cidade das Crian\u00e7as e incentiva as fam\u00edlias a reservar momentos frequentes de contato e intera\u00e7\u00e3o entre as crian\u00e7as e seus cuidadores, o afastamento das telas e a substitui\u00e7\u00e3o por brincadeiras em contato com a natureza.<\/p>\n\n\n\n<p>Uma das fam\u00edlias foi a do Davi Silva, de quatro anos, que mora no jardim Santa Gertrudes \u00e9 acompanhado no programa pela visitadora C\u00e9lia Bezerra. Acompanhado da m\u00e3e Kamille, da irm\u00e3zinha Maria Louise, de tr\u00eas meses, e dos tios Anthony (11) e Kemilly (10), Davi coletou, segundo ele, \u201cpedrinhas, folhinhas e galhinhos\u201d.<\/p>\n\n\n\n<figure class=\"wp-block-image\"><img decoding=\"async\" src=\"https:\/\/jundiai.sp.gov.br\/noticias\/wp-content\/uploads\/sites\/32\/2022\/10\/crianca_feliz_brincar_livre_mundo_das_criancas-56.jpg\" alt=\"\" class=\"wp-image-304550\" \/><figcaption>Davi contou com a ajuda dos tios Anthony e Kemilly para buscar os elementos da natureza<\/figcaption><\/figure>\n\n\n\n<p>\u201cDecidimos vir, pois ainda n\u00e3o conhec\u00edamos o Mundo das Crian\u00e7as e eles aprovaram os chafarizes, o foguete e a casa da \u00e1rvore. Estamos no Crian\u00e7a Feliz h\u00e1 apenas dois meses e sinto que as visitas t\u00eam estimulado e agu\u00e7ado o desenvolvimento deles, por isso decidimos vir\u201d, comentou Kamille.<\/p>\n\n\n\n<p>J\u00e1 a Elisa Silva, de tr\u00eas anos, \u00e9 acompanhada pela visitadora Vit\u00f3ria Baldi e, durante a expedi\u00e7\u00e3o foi acompanhada dos pais, Anderson e N\u00e1dia, moradores do Retiro. \u201cEsta j\u00e1 \u00e9 a sexta vez que a gente vem aqui, mas viemos de novo, pois a Elisa ama este lugar e \u00e9 um espa\u00e7o em que ela interage com todos. Ela chama o Mundo das Crian\u00e7as de \u2018floresta\u2019, e, como \u00e9 curiosa, achou um monte de casquinhas de cigarra para colocar no kit\u201d, comentou a m\u00e3e.<\/p>\n\n\n\n<p>Segundo o gestor de Cultura, Marcelo Peroni, um dos interlocutores do programa Cidade das Crian\u00e7as, a atividade desta quinta-feira (27) culmina do trabalho realizado com as fam\u00edlias. \u201cUma das frentes do \u2018BrincAR LIVRE\u2019 era a do \u2018Arzinho, Arz\u00e3o\u2019, de incentivo \u00e0s fam\u00edlias para que reservassem, respectivamente, momentos de brincadeiras mais curtos e perto de casa, por\u00e9m di\u00e1rios, e momentos mais longos, em parques e complexos esportivos. Este momento no Mundo das Crian\u00e7as vem ao encontro desta programa\u00e7\u00e3o, que deve ter continuidade nos pr\u00f3ximos meses com novidades\u201d<\/p>\n\n\n\n<p>J\u00e1 Maria Brant, gestora da Unidade de Gest\u00e3o de Assist\u00eancia e Desenvolvimento Social (UGADS), \u00e0 qual o programa Crian\u00e7a Feliz est\u00e1 vinculado no Munic\u00edpio, fez um balan\u00e7o positivo da atividade. \u201cDiferente das atividades anteriores, em que a Prefeitura disponibilizava o transporte para as fam\u00edlias, desta vez a proposta foi convid\u00e1-las para que viessem espontaneamente para a atividade. E assim, pud\u00e9ssemos mensurar o incentivo das iniciativas do \u2018BrincAR LIVRE\u2019 com as fam\u00edlias para a mudan\u00e7a de comportamento. Ao longo do dia, tivemos cerca de 100 participantes, o que \u00e9 um saldo bastante positivo\u201d.<\/p>\n\n\n\n<figure class=\"wp-block-image\"><img decoding=\"async\" src=\"https:\/\/jundiai.sp.gov.br\/noticias\/wp-content\/uploads\/sites\/32\/2022\/10\/crianca_feliz_brincar_livre_mundo_das_criancas-67.jpg\" alt=\"\" class=\"wp-image-304551\" \/><figcaption>Brincando na \u201cfloresta\u201d, apequena Elisa achou um monte de cascas de cigarras<\/figcaption><\/figure>\n\n\n\n<p><strong><em>(Fonte\/Imagem: Prefeitura de Jundia\u00ed)<\/em><\/strong><\/p>\n","protected":false},"excerpt":{"rendered":"<p>O \u201cBrincAR LIVRE\u201d \u00e9 uma iniciativa da Rede Urban95, da qual Jundia\u00ed faz parte.<\/p>\n","protected":false},"author":27,"featured_media":100249,"comment_status":"closed","ping_status":"0","sticky":false,"template":"","format":"standard","meta":{"footnotes":""},"categories":[8356],"tags":[],"class_list":["post-100247","post","type-post","status-publish","format-standard","has-post-thumbnail","hentry","category-jundiai"],"_links":{"self":[{"href":"https:\/\/tvtecjundiai.com.br\/news\/wp-json\/wp\/v2\/posts\/100247","targetHints":{"allow":["GET"]}}],"collection":[{"href":"https:\/\/tvtecjundiai.com.br\/news\/wp-json\/wp\/v2\/posts"}],"about":[{"href":"https:\/\/tvtecjundiai.com.br\/news\/wp-json\/wp\/v2\/types\/post"}],"author":[{"embeddable":true,"href":"https:\/\/tvtecjundiai.com.br\/news\/wp-json\/wp\/v2\/users\/27"}],"replies":[{"embeddable":true,"href":"https:\/\/tvtecjundiai.com.br\/news\/wp-json\/wp\/v2\/comments?post=100247"}],"version-history":[{"count":2,"href":"https:\/\/tvtecjundiai.com.br\/news\/wp-json\/wp\/v2\/posts\/100247\/revisions"}],"predecessor-version":[{"id":100250,"href":"https:\/\/tvtecjundiai.com.br\/news\/wp-json\/wp\/v2\/posts\/100247\/revisions\/100250"}],"wp:featuredmedia":[{"embeddable":true,"href":"https:\/\/tvtecjundiai.com.br\/news\/wp-json\/wp\/v2\/media\/100249"}],"wp:attachment":[{"href":"https:\/\/tvtecjundiai.com.br\/news\/wp-json\/wp\/v2\/media?parent=100247"}],"wp:term":[{"taxonomy":"category","embeddable":true,"href":"https:\/\/tvtecjundiai.com.br\/news\/wp-json\/wp\/v2\/categories?post=100247"},{"taxonomy":"post_tag","embeddable":true,"href":"https:\/\/tvtecjundiai.com.br\/news\/wp-json\/wp\/v2\/tags?post=100247"}],"curies":[{"name":"wp","href":"https:\/\/api.w.org\/{rel}","templated":true}]}}