{"id":100325,"date":"2022-10-30T20:13:16","date_gmt":"2022-10-30T23:13:16","guid":{"rendered":"https:\/\/tvtecjundiai.com.br\/news\/?p=100325"},"modified":"2022-10-30T20:15:51","modified_gmt":"2022-10-30T23:15:51","slug":"lula-vence-o-segundo-turno-e-volta-para-o-terceiro-mandato-de-presidente","status":"publish","type":"post","link":"https:\/\/tvtecjundiai.com.br\/news\/2022\/10\/30\/lula-vence-o-segundo-turno-e-volta-para-o-terceiro-mandato-de-presidente\/","title":{"rendered":"Lula vence o segundo turno e volta para o terceiro mandato de presidente"},"content":{"rendered":"\n<p>Luiz In\u00e1cio&nbsp;Lula da Silva (PT) foi eleito o 39\u00ba presidente da Rep\u00fablica neste domingo (30), na vota\u00e7\u00e3o do segundo turno. Lula derrotou o presidente Jair Bolsonaro (PL), que buscava a reelei\u00e7\u00e3o.<\/p>\n\n\n\n<p>O resultado foi confirmado pelo&nbsp;<a href=\"https:\/\/g1.globo.com\/tudo-sobre\/tribunal-superior-eleitoral\/\">Tribunal Superior Eleitoral<\/a>&nbsp;(TSE) \u00e0s 19h57, quando 98,81% das urnas j\u00e1 tinham sido apuradas.<\/p>\n\n\n<figure class=\"wp-block-post-featured-image\"><img loading=\"lazy\" decoding=\"async\" width=\"1170\" height=\"700\" src=\"https:\/\/tvtecjundiai.com.br\/news\/wp-content\/uploads\/sites\/2\/2022\/10\/eleicoes_2022_lula6819.jpg\" class=\"attachment-post-thumbnail size-post-thumbnail wp-post-image\" alt=\"\" style=\"object-fit:cover;\" srcset=\"https:\/\/tvtecjundiai.com.br\/news\/wp-content\/uploads\/sites\/2\/2022\/10\/eleicoes_2022_lula6819.jpg 1170w, https:\/\/tvtecjundiai.com.br\/news\/wp-content\/uploads\/sites\/2\/2022\/10\/eleicoes_2022_lula6819-300x179.jpg 300w, https:\/\/tvtecjundiai.com.br\/news\/wp-content\/uploads\/sites\/2\/2022\/10\/eleicoes_2022_lula6819-768x459.jpg 768w\" sizes=\"auto, (max-width: 1170px) 100vw, 1170px\" \/><\/figure>\n\n\n<p><\/p>\n\n\n\n<p>\u00c0quela altura, Lula tinha 50,83% dos votos v\u00e1lidos e n\u00e3o poderia mais ser alcan\u00e7ado por Bolsonaro, que contabilizava os outros 49,17% de votos v\u00e1lidos. Para vencer em segundo turno, o candidato \u00e0 Presid\u00eancia precisa superar os 50% de votos v\u00e1lidos \u2013 mesmo que seja por apenas um voto. A diferen\u00e7a percentual a favor de Lula \u00e9 a menor de um presidente eleito desde 1989.<\/p>\n\n\n\n<p>Com o resultado, o Partido dos Trabalhadores volta \u00e0 presid\u00eancia ap\u00f3s um intervalo de seis anos. O PT comandou o pa\u00eds por oito anos com Lula (de 2003 a 2010) e por seis anos com Dilma Rousseff (2011 at\u00e9 o impeachment em 2016).<\/p>\n\n\n\n<p>Torneiro mec\u00e2nico, l\u00edder sindical e membro fundador do PT, Lula foi eleito para seu terceiro mandato e dever\u00e1 tomar posse no cargo em 1\u00ba de janeiro de 2023. Desta vez, o petista ter\u00e1 quatro dias a mais para governar o pa\u00eds \u2013 uma reforma eleitoral aprovada em 2021 definiu que, em 2027, a posse presidencial ser\u00e1 em 5 de janeiro.<\/p>\n\n\n\n<p>Ao votar mais cedo, em S\u00e3o Paulo, Lula disse que a elei\u00e7\u00e3o definiria o &#8220;modelo de Brasil&#8221; para os pr\u00f3ximos anos. Ele falou tamb\u00e9m que era o dia mais importante da vida dele.<\/p>\n\n\n\n<p><strong>(Font<em>e: G1 \/ Imagem: Rovena Rosa \/ Ag\u00eancia Brasil)<\/em><\/strong><\/p>\n","protected":false},"excerpt":{"rendered":"<p>Resultado foi confirmado com 98,81% das urnas apuradas, quando Lula tinha 50,83% dos votos v\u00e1lidos<\/p>\n","protected":false},"author":31,"featured_media":100326,"comment_status":"closed","ping_status":"0","sticky":false,"template":"","format":"standard","meta":{"footnotes":""},"categories":[1],"tags":[],"class_list":["post-100325","post","type-post","status-publish","format-standard","has-post-thumbnail","hentry","category-noticias"],"_links":{"self":[{"href":"https:\/\/tvtecjundiai.com.br\/news\/wp-json\/wp\/v2\/posts\/100325","targetHints":{"allow":["GET"]}}],"collection":[{"href":"https:\/\/tvtecjundiai.com.br\/news\/wp-json\/wp\/v2\/posts"}],"about":[{"href":"https:\/\/tvtecjundiai.com.br\/news\/wp-json\/wp\/v2\/types\/post"}],"author":[{"embeddable":true,"href":"https:\/\/tvtecjundiai.com.br\/news\/wp-json\/wp\/v2\/users\/31"}],"replies":[{"embeddable":true,"href":"https:\/\/tvtecjundiai.com.br\/news\/wp-json\/wp\/v2\/comments?post=100325"}],"version-history":[{"count":4,"href":"https:\/\/tvtecjundiai.com.br\/news\/wp-json\/wp\/v2\/posts\/100325\/revisions"}],"predecessor-version":[{"id":100330,"href":"https:\/\/tvtecjundiai.com.br\/news\/wp-json\/wp\/v2\/posts\/100325\/revisions\/100330"}],"wp:featuredmedia":[{"embeddable":true,"href":"https:\/\/tvtecjundiai.com.br\/news\/wp-json\/wp\/v2\/media\/100326"}],"wp:attachment":[{"href":"https:\/\/tvtecjundiai.com.br\/news\/wp-json\/wp\/v2\/media?parent=100325"}],"wp:term":[{"taxonomy":"category","embeddable":true,"href":"https:\/\/tvtecjundiai.com.br\/news\/wp-json\/wp\/v2\/categories?post=100325"},{"taxonomy":"post_tag","embeddable":true,"href":"https:\/\/tvtecjundiai.com.br\/news\/wp-json\/wp\/v2\/tags?post=100325"}],"curies":[{"name":"wp","href":"https:\/\/api.w.org\/{rel}","templated":true}]}}