{"id":100331,"date":"2022-10-31T09:04:58","date_gmt":"2022-10-31T12:04:58","guid":{"rendered":"https:\/\/tvtecjundiai.com.br\/news\/?p=100331"},"modified":"2022-10-31T09:05:02","modified_gmt":"2022-10-31T12:05:02","slug":"dia-das-cidades-sustentabilidade-e-agenda-de-desenvolvimento-sao-marcas-da-gestao-de-jundiai","status":"publish","type":"post","link":"https:\/\/tvtecjundiai.com.br\/news\/2022\/10\/31\/dia-das-cidades-sustentabilidade-e-agenda-de-desenvolvimento-sao-marcas-da-gestao-de-jundiai\/","title":{"rendered":"Dia das Cidades: sustentabilidade e agenda de desenvolvimento s\u00e3o marcas da gest\u00e3o de Jundia\u00ed"},"content":{"rendered":"\n<p><\/p>\n\n\n\n<p>No dia 31 de outubro \u00e9 comemorado o Dia Mundial das Cidades. A data foi criada pela Assembleia Geral da ONU e \u00e9 celebrada desde 2014. A data refor\u00e7a a import\u00e2ncia da urbaniza\u00e7\u00e3o sustent\u00e1vel, das quest\u00f5es clim\u00e1ticas, da inova\u00e7\u00e3o e da inclus\u00e3o social para reduzir as desigualdades sociais. As cidades s\u00e3o<br>organismos vivos que est\u00e3o em constante processo de transforma\u00e7\u00e3o e, por isso, t\u00eam a oportunidade de corrigir erros e direcionar seu desenvolvimento para um caminho mais sustent\u00e1vel, capaz de gerar mais qualidade de vida para as pessoas, inclus\u00e3o e resili\u00eancia para lidar com as mudan\u00e7as clim\u00e1ticas.<\/p>\n\n\n\n<p>Jundia\u00ed criou um Observat\u00f3rio para acompanhar esses e tantos outros indicadores que medem a qualidade de vida dos moradores e os principais fatores do desenvolvimento. E olhando para esse painel, o jundiaiense tem motivos para comemorar essa data.<\/p>\n\n\n\n<p>Em 2022, a cidade alcan\u00e7ou a 2\u00aa coloca\u00e7\u00e3o no ranking de Desenvolvimento Sustent\u00e1vel das cidades brasileiras (IDSC_Br), elaborado pelo Instituto Cidades Sustent\u00e1veis e que avaliou o desempenho dos Objetivos de Desenvolvimento Sustent\u00e1vel (ODS) da Organiza\u00e7\u00e3o das Na\u00e7\u00f5es Unidas (ONU).<\/p>\n\n\n\n<figure class=\"wp-block-image\"><img decoding=\"async\" src=\"https:\/\/jundiai.sp.gov.br\/noticias\/wp-content\/uploads\/sites\/32\/2020\/06\/caminhada-serra-do-japi-3.jpg\" alt=\"&quot;Preserva\u00e7\u00e3o da Serra do Japi tem sido garantida pelas a\u00e7\u00f5es da popula\u00e7\u00e3o e da prefeitura&quot;, diz Sin\u00e9sio\" class=\"wp-image-251834\" \/><figcaption>Jundia\u00ed \u00e9 protegida pela Serra do Japi, que ocupa cerca de 35 mil hectares do territ\u00f3rio<\/figcaption><\/figure>\n\n\n\n<p>O caminho de desenvolvimento baseado na natureza protege e aprimora a biodiversidade e os ecossistemas urbanos, que sustentam os principais aspectos da economia local, o bem-estar e a resili\u00eancia de nossas comunidades.<\/p>\n\n\n\n<p>O munic\u00edpio \u00e9 protegido pela Serra do Japi, que ocupa cerca de 35 mil hectares do territ\u00f3rio, e \u00e9 classificada como \u00c1rea de Preserva\u00e7\u00e3o Ambiental (APA). Desde 2004, existe uma lei que preserva a Serra e estabelece os mecanismos de gest\u00e3o do territ\u00f3rio e de prote\u00e7\u00e3o da sua biodiversidade.<\/p>\n\n\n\n<p>Al\u00e9m disso, Jundia\u00ed tem tradi\u00e7\u00e3o na organiza\u00e7\u00e3o do seu territ\u00f3rio urbano. A cidade fez a \u00faltima altera\u00e7\u00e3o do seu plano diretor em novembro de 2019, quando inovou ao estabelecer um cap\u00edtulo exclusivo para tratar dos espa\u00e7os utilizados pelas crian\u00e7as na cidade e ao criar os planos de bairros. Jundia\u00ed tem Plano Diretor desde 1969, fator essencial para coordenar as a\u00e7\u00f5es que impactam na qualidade de vida da cidade e na sustentabilidade do seu crescimento. Recentemente, foram aprovados os planos municipal de mobilidade urbana e de habita\u00e7\u00e3o de interesse social.<\/p>\n\n\n\n<p>O munic\u00edpio tamb\u00e9m aprovou o primeiro Plano de Bairro para detalhar as a\u00e7\u00f5es que nortear\u00e3o o desenvolvimento urbano do vetor Oeste. A Prefeitura ouviu as crian\u00e7as e a comunidade para elaborar esse documento, que agora serve como um guia de prioridades para essa grande regi\u00e3o, que tem desafios enormes para sua regulariza\u00e7\u00e3o fundi\u00e1ria, bem como para reduzir a pobreza e as desigualdades sociais.<\/p>\n\n\n\n<figure class=\"wp-block-image\"><img decoding=\"async\" src=\"https:\/\/jundiai.sp.gov.br\/noticias\/wp-content\/uploads\/sites\/32\/2022\/08\/aereas_skylines_jundiai-1.jpg\" alt=\"\" class=\"wp-image-298939\" \/><figcaption>Sustentabilidade e agenda de desenvolvimento s\u00e3o marcas da gest\u00e3o de Jundia\u00ed<\/figcaption><\/figure>\n\n\n\n<p>A consolida\u00e7\u00e3o desses fatores e de outras a\u00e7\u00f5es e indicadores credenciaram o munic\u00edpio ao primeiro lugar em padr\u00e3o de vida no ranking das melhores cidades do Brasil 2022, elaborado pela Austin Rating, em parceria com a Editora Tr\u00eas e Revista Isto\u00c9.<\/p>\n\n\n\n<p>\u201cJundia\u00ed tem evolu\u00eddo na sua gest\u00e3o orientada para resultados e os indicadores mostram isso. O nosso crescimento urbano \u00e9 feito aliado \u00e0 sustentabilidade e ao investimento em novas tecnologias, para melhorar os servi\u00e7os prestados \u00e0 popula\u00e7\u00e3o e ampliar os programas direcionados para o desenvolvimento da inf\u00e2ncia na cidade\u201d, afirma o Prefeito Luiz Fernando Machado.<\/p>\n\n\n\n<p>Na dimens\u00e3o econ\u00f4mica, Jundia\u00ed \u00e9 uma das principais cidades do pa\u00eds. No Observat\u00f3rio \u00e9 poss\u00edvel aferir que o munic\u00edpio est\u00e1 na 7\u00aa posi\u00e7\u00e3o entre as maiores economias do Estado de S\u00e3o Paulo e na 17\u00aa coloca\u00e7\u00e3o no ranking nacional. E, recentemente, a cidade ficou na 6\u00aa coloca\u00e7\u00e3o no ranking de Cidades Inteligentes e Conectadas, feito pela\u00a0<em>Connected Smart Cities<\/em>, e conquistou o duplo A na escala de rating de longo prazo, elaborado pela ag\u00eancia de classifica\u00e7\u00e3o de risco\u00a0<em>Austing Rating<\/em>, que indica que a cidade est\u00e1 com suas finan\u00e7as organizadas e tem boa capacidade de investimento nos setores sociais que promovem o desenvolvimento humano.<\/p>\n\n\n\n<p><strong><em>(Fonte\/Imagem: Prefeitura de Jundia\u00ed)<\/em><\/strong><\/p>\n","protected":false},"excerpt":{"rendered":"<p> A data refor\u00e7a a import\u00e2ncia da urbaniza\u00e7\u00e3o sustent\u00e1vel, das quest\u00f5es clim\u00e1ticas, da inova\u00e7\u00e3o e da inclus\u00e3o social para reduzir as desigualdades sociais<\/p>\n","protected":false},"author":31,"featured_media":100332,"comment_status":"closed","ping_status":"0","sticky":false,"template":"","format":"standard","meta":{"footnotes":""},"categories":[1],"tags":[],"class_list":["post-100331","post","type-post","status-publish","format-standard","has-post-thumbnail","hentry","category-noticias"],"_links":{"self":[{"href":"https:\/\/tvtecjundiai.com.br\/news\/wp-json\/wp\/v2\/posts\/100331","targetHints":{"allow":["GET"]}}],"collection":[{"href":"https:\/\/tvtecjundiai.com.br\/news\/wp-json\/wp\/v2\/posts"}],"about":[{"href":"https:\/\/tvtecjundiai.com.br\/news\/wp-json\/wp\/v2\/types\/post"}],"author":[{"embeddable":true,"href":"https:\/\/tvtecjundiai.com.br\/news\/wp-json\/wp\/v2\/users\/31"}],"replies":[{"embeddable":true,"href":"https:\/\/tvtecjundiai.com.br\/news\/wp-json\/wp\/v2\/comments?post=100331"}],"version-history":[{"count":1,"href":"https:\/\/tvtecjundiai.com.br\/news\/wp-json\/wp\/v2\/posts\/100331\/revisions"}],"predecessor-version":[{"id":100333,"href":"https:\/\/tvtecjundiai.com.br\/news\/wp-json\/wp\/v2\/posts\/100331\/revisions\/100333"}],"wp:featuredmedia":[{"embeddable":true,"href":"https:\/\/tvtecjundiai.com.br\/news\/wp-json\/wp\/v2\/media\/100332"}],"wp:attachment":[{"href":"https:\/\/tvtecjundiai.com.br\/news\/wp-json\/wp\/v2\/media?parent=100331"}],"wp:term":[{"taxonomy":"category","embeddable":true,"href":"https:\/\/tvtecjundiai.com.br\/news\/wp-json\/wp\/v2\/categories?post=100331"},{"taxonomy":"post_tag","embeddable":true,"href":"https:\/\/tvtecjundiai.com.br\/news\/wp-json\/wp\/v2\/tags?post=100331"}],"curies":[{"name":"wp","href":"https:\/\/api.w.org\/{rel}","templated":true}]}}