{"id":100334,"date":"2022-10-31T09:07:02","date_gmt":"2022-10-31T12:07:02","guid":{"rendered":"https:\/\/tvtecjundiai.com.br\/news\/?p=100334"},"modified":"2022-10-31T09:07:06","modified_gmt":"2022-10-31T12:07:06","slug":"led-nova-iluminacao-da-ponte-sao-joao-esta-98-concluida","status":"publish","type":"post","link":"https:\/\/tvtecjundiai.com.br\/news\/2022\/10\/31\/led-nova-iluminacao-da-ponte-sao-joao-esta-98-concluida\/","title":{"rendered":"LED: nova ilumina\u00e7\u00e3o da Ponte S\u00e3o Jo\u00e3o est\u00e1 98% conclu\u00edda"},"content":{"rendered":"\n<p><\/p>\n\n\n\n<p>O cabeleireiro Valdinei Moda, conhecido como Nei, tem seu com\u00e9rcio na rua Carlos Gomes h\u00e1 26 anos. Com clientela fixa e muitos clientes que buscam pelo servi\u00e7o fora do hor\u00e1rio comercial, ele costuma estender o atendimento e sair do sal\u00e3o \u00e0 noite. \u201cQuando fechava o sal\u00e3o e ia embora sempre ficava inseguro e com a aten\u00e7\u00e3o redobrada. As luzes amarelas n\u00e3o traziam muita luminosidade\u201d, conta.<\/p>\n\n\n\n<p>No \u00faltimo final de semana, a rua Carlos Gomes teve as l\u00e2mpadas trocadas por novas lumin\u00e1rias de LED. A a\u00e7\u00e3o, realizada pela Unidade de Gest\u00e3o de Infraestrutura e Servi\u00e7os P\u00fablicos (UGISP), faz parte do planejamento para a substitui\u00e7\u00e3o da ilumina\u00e7\u00e3o p\u00fablica da Ponte S\u00e3o Jo\u00e3o. A troca chegou a 98% de execu\u00e7\u00e3o. \u201cA melhora \u00e9 n\u00edtida. A rua est\u00e1 bem mais clara e a sensa\u00e7\u00e3o de seguran\u00e7a aumenta\u201d, comenta Nei.<\/p>\n\n\n\n<figure class=\"wp-block-image\"><img decoding=\"async\" src=\"https:\/\/jundiai.sp.gov.br\/noticias\/wp-content\/uploads\/sites\/32\/2022\/10\/dji_0026.jpg\" alt=\"\" class=\"wp-image-304524\" \/><figcaption>Rua Carlos Gomes entre outras receberam novas l\u00e2mpadas de LED no m\u00eas de outubro<\/figcaption><\/figure>\n\n\n\n<p>Ao todo, 704 novas lumin\u00e1rias de LED ser\u00e3o instaladas. O investimento total foi de aproximadamente R$ 754 mil. A troca da ilumina\u00e7\u00e3o p\u00fablica faz parte do Plano de A\u00e7\u00e3o da Ponte S\u00e3o Jo\u00e3o, para tornar o bairro mais seguro. \u201cEssa \u00e9 uma das provid\u00eancias para favorecer a seguran\u00e7a p\u00fablica somada \u00e0s outras medidas em andamento. A Ponte S\u00e3o Jo\u00e3o \u00e9 um bairro tradicional e tem o nosso compromisso de tomar as atitudes necess\u00e1rias para levar tranquilidade aos moradores\u201d, comenta o Prefeito Luiz Fernando Machado.<\/p>\n\n\n\n<p><strong>Ilumina\u00e7\u00e3o C\u00eanica<br><\/strong>O viaduto S\u00e3o Jo\u00e3o Batista, localizado no bairro, tamb\u00e9m receber\u00e1 melhorias. Desde o in\u00edcio do m\u00eas a ilumina\u00e7\u00e3o c\u00eanica est\u00e1 sendo instalada. At\u00e9 o momento, cerca de 60% da execu\u00e7\u00e3o est\u00e1 conclu\u00edda e a previs\u00e3o \u00e9 para finalizar em novembro. O investimento foi de R$ 923 mil. O viaduto \u00e9 uma via importante de liga\u00e7\u00e3o e este ano completou 73 anos em setembro.<\/p>\n\n\n\n<p>\u201cA troca da ilumina\u00e7\u00e3o \u00e9 uma das principais medidas do plano de melhoria na Ponte S\u00e3o Jo\u00e3o e adjac\u00eancias, pois tornam as ruas mais claras e isso inibe os delitos e crimes, ou pelo menos, contribui para reduzir furtos e roubos. Isso melhora a qualidade dos espa\u00e7os p\u00fablicos e valoriza os im\u00f3veis\u201d, afirma o Gestor de Governo e Finan\u00e7as, Jos\u00e9 Antonio Parimoschi.<\/p>\n\n\n\n<p><strong><em>(Fonte\/Imagem: Prefeitura de Jundia\u00ed)<\/em><\/strong><\/p>\n","protected":false},"excerpt":{"rendered":"<p>No \u00faltimo final de semana, a rua Carlos Gomes teve as l\u00e2mpadas trocadas por novas lumin\u00e1rias de LED<\/p>\n","protected":false},"author":31,"featured_media":100335,"comment_status":"closed","ping_status":"0","sticky":false,"template":"","format":"standard","meta":{"footnotes":""},"categories":[1],"tags":[],"class_list":["post-100334","post","type-post","status-publish","format-standard","has-post-thumbnail","hentry","category-noticias"],"_links":{"self":[{"href":"https:\/\/tvtecjundiai.com.br\/news\/wp-json\/wp\/v2\/posts\/100334","targetHints":{"allow":["GET"]}}],"collection":[{"href":"https:\/\/tvtecjundiai.com.br\/news\/wp-json\/wp\/v2\/posts"}],"about":[{"href":"https:\/\/tvtecjundiai.com.br\/news\/wp-json\/wp\/v2\/types\/post"}],"author":[{"embeddable":true,"href":"https:\/\/tvtecjundiai.com.br\/news\/wp-json\/wp\/v2\/users\/31"}],"replies":[{"embeddable":true,"href":"https:\/\/tvtecjundiai.com.br\/news\/wp-json\/wp\/v2\/comments?post=100334"}],"version-history":[{"count":1,"href":"https:\/\/tvtecjundiai.com.br\/news\/wp-json\/wp\/v2\/posts\/100334\/revisions"}],"predecessor-version":[{"id":100336,"href":"https:\/\/tvtecjundiai.com.br\/news\/wp-json\/wp\/v2\/posts\/100334\/revisions\/100336"}],"wp:featuredmedia":[{"embeddable":true,"href":"https:\/\/tvtecjundiai.com.br\/news\/wp-json\/wp\/v2\/media\/100335"}],"wp:attachment":[{"href":"https:\/\/tvtecjundiai.com.br\/news\/wp-json\/wp\/v2\/media?parent=100334"}],"wp:term":[{"taxonomy":"category","embeddable":true,"href":"https:\/\/tvtecjundiai.com.br\/news\/wp-json\/wp\/v2\/categories?post=100334"},{"taxonomy":"post_tag","embeddable":true,"href":"https:\/\/tvtecjundiai.com.br\/news\/wp-json\/wp\/v2\/tags?post=100334"}],"curies":[{"name":"wp","href":"https:\/\/api.w.org\/{rel}","templated":true}]}}