{"id":100345,"date":"2022-10-31T18:59:51","date_gmt":"2022-10-31T21:59:51","guid":{"rendered":"https:\/\/tvtecjundiai.com.br\/news\/?p=100345"},"modified":"2022-10-31T18:59:56","modified_gmt":"2022-10-31T21:59:56","slug":"defesa-civil-do-estado-alerta-para-quedas-bruscas-na-temperatura-nesta-semana","status":"publish","type":"post","link":"https:\/\/tvtecjundiai.com.br\/news\/2022\/10\/31\/defesa-civil-do-estado-alerta-para-quedas-bruscas-na-temperatura-nesta-semana\/","title":{"rendered":"Defesa Civil do Estado alerta para quedas bruscas na temperatura nesta semana"},"content":{"rendered":"\n<p><\/p>\n\n\n\n<p>A Defesa Civil do Estado de S\u00e3o Paulo alertou nesta segunda-feira (31), que uma intensa massa de ar polar chegar\u00e1 ao estado entre esta ter\u00e7a (01) e sexta-feira (04), provocando queda acentuada da temperatura e momentos de frio intenso nas regi\u00f5es de Sorocaba e Campinas.<\/p>\n\n\n\n<p>As previs\u00f5es podem chegar na casa dos 10\u00b0C, principalmente entre o final das madrugadas e in\u00edcio das manh\u00e3s. Al\u00e9m disso, uma nova instabilidade no oceano poder\u00e1 causar ventanias que podem chegar a 70 km\/h e diminui\u00e7\u00e3o na sensa\u00e7\u00e3o t\u00e9rmica.<\/p>\n\n\n\n<p>A Defesa Civil ainda alerta para o risco de transtornos, como destelhamentos, queda de \u00e1rvores e postes de energia. Pessoas vulner\u00e1veis e em situa\u00e7\u00e3o de rua, idosos e crian\u00e7as devem receber aten\u00e7\u00e3o redobrada.<\/p>\n\n\n\n<p>Para isso, Jundia\u00ed ir\u00e1 retomar as Opera\u00e7\u00f5es Noites Frias durante o dia todo. Quem identificar pessoa em situa\u00e7\u00e3o de rua pode ligar para o Servi\u00e7o Especializado de Abordagem Social (SEAS) no n\u00famero 98531-0146, que atende 24 horas por dia. Nesta ter\u00e7a-feira, o Centro Pop tamb\u00e9m estar\u00e1 aberto das 8h \u00e0s 12h para realizar entrega de cobertas e oferecer encaminhamento ao SEAS.<\/p>\n\n\n\n<figure class=\"wp-block-image\"><img decoding=\"async\" src=\"https:\/\/jundiai.sp.gov.br\/noticias\/wp-content\/uploads\/sites\/32\/2022\/06\/operacoes-noites-frias-73.jpg\" alt=\"\" class=\"wp-image-294605\" \/><figcaption>Opera\u00e7\u00e3o Noites Frias ser\u00e1 retomada nesta ter\u00e7a-feira (01) durante o dia todo<\/figcaption><\/figure>\n\n\n\n<p><strong><em>(Fonte\/Imagem: Prefeitura de Jundia\u00ed)<\/em><\/strong><\/p>\n","protected":false},"excerpt":{"rendered":"<p>As previs\u00f5es podem chegar na casa dos 10\u00b0C, principalmente entre o final das madrugadas e in\u00edcio das manh\u00e3s<\/p>\n","protected":false},"author":31,"featured_media":100346,"comment_status":"closed","ping_status":"0","sticky":false,"template":"","format":"standard","meta":{"footnotes":""},"categories":[1],"tags":[],"class_list":["post-100345","post","type-post","status-publish","format-standard","has-post-thumbnail","hentry","category-noticias"],"_links":{"self":[{"href":"https:\/\/tvtecjundiai.com.br\/news\/wp-json\/wp\/v2\/posts\/100345","targetHints":{"allow":["GET"]}}],"collection":[{"href":"https:\/\/tvtecjundiai.com.br\/news\/wp-json\/wp\/v2\/posts"}],"about":[{"href":"https:\/\/tvtecjundiai.com.br\/news\/wp-json\/wp\/v2\/types\/post"}],"author":[{"embeddable":true,"href":"https:\/\/tvtecjundiai.com.br\/news\/wp-json\/wp\/v2\/users\/31"}],"replies":[{"embeddable":true,"href":"https:\/\/tvtecjundiai.com.br\/news\/wp-json\/wp\/v2\/comments?post=100345"}],"version-history":[{"count":1,"href":"https:\/\/tvtecjundiai.com.br\/news\/wp-json\/wp\/v2\/posts\/100345\/revisions"}],"predecessor-version":[{"id":100347,"href":"https:\/\/tvtecjundiai.com.br\/news\/wp-json\/wp\/v2\/posts\/100345\/revisions\/100347"}],"wp:featuredmedia":[{"embeddable":true,"href":"https:\/\/tvtecjundiai.com.br\/news\/wp-json\/wp\/v2\/media\/100346"}],"wp:attachment":[{"href":"https:\/\/tvtecjundiai.com.br\/news\/wp-json\/wp\/v2\/media?parent=100345"}],"wp:term":[{"taxonomy":"category","embeddable":true,"href":"https:\/\/tvtecjundiai.com.br\/news\/wp-json\/wp\/v2\/categories?post=100345"},{"taxonomy":"post_tag","embeddable":true,"href":"https:\/\/tvtecjundiai.com.br\/news\/wp-json\/wp\/v2\/tags?post=100345"}],"curies":[{"name":"wp","href":"https:\/\/api.w.org\/{rel}","templated":true}]}}