{"id":100390,"date":"2022-11-03T09:28:12","date_gmt":"2022-11-03T12:28:12","guid":{"rendered":"https:\/\/tvtecjundiai.com.br\/news\/?p=100390"},"modified":"2022-11-03T13:15:56","modified_gmt":"2022-11-03T16:15:56","slug":"reset-tera-palestrantes-do-mercado-livre-deezer-e-outras-empresas-ingressos-podem-ser-retirados-nesta-quinta-3","status":"publish","type":"post","link":"https:\/\/tvtecjundiai.com.br\/news\/2022\/11\/03\/reset-tera-palestrantes-do-mercado-livre-deezer-e-outras-empresas-ingressos-podem-ser-retirados-nesta-quinta-3\/","title":{"rendered":"Reset ter\u00e1 palestrantes do Mercado Livre, Deezer e outras empresas. Ingressos podem ser retirados nesta quinta (3)"},"content":{"rendered":"\n<p>A maior experi\u00eancia de tecnologias humanas, inova\u00e7\u00e3o e intelig\u00eancia emocional da Regi\u00e3o Metropolitana de Jundia\u00ed est\u00e1 chegando! O Reset Jundia\u00ed \u00e9 um evento gratuito que vai ajudar os participantes a descobrirem novas formas de recome\u00e7ar, reconectar, reconstruir, ressignificar e repensar a pr\u00f3pria vida, carreira e neg\u00f3cios.<\/p>\n\n\n\n<p>O encontro, que \u00e9 uma iniciativa da Prefeitura de Jundia\u00ed, TVTEC Jundia\u00ed, Escola de Inova\u00e7\u00e3o, Coisas e Neg\u00f3cios, Rede de Inovadores e Campus Jundia\u00ed, acontece na pr\u00f3xima ter\u00e7a-feira (8), \u00e0s 19h, no Teatro Polytheama. Para participar, basta acessar o\u00a0<a href=\"https:\/\/docs.google.com\/forms\/d\/e\/1FAIpQLSfr4NagJFf7ywFDaPPgycghUuNuzVLdAbeZKfKjLYEOhlBHRQ\/viewform\">link de inscri\u00e7\u00e3o<\/a>. <strong>A retirada dos vouchers para adquirir o ingresso acontece nesta quinta-feira (3), das 10h \u00e0s 21h, na TVTEC Jundia\u00ed, que fica no Complexo Argos.<\/strong><\/p>\n\n\n\n<p>Totalmente inovador, o Reset Jundia\u00ed contar\u00e1 com quatro pain\u00e9is e quatro talks com temas diversificados e atuais, como empregabilidade, futuras profiss\u00f5es, marketing digital, inova\u00e7\u00e3o, vendas, empreendedorismo e diversidade, equidade e inclus\u00e3o. A proposta \u00e9 abordar estes assuntos com um novo olhar, que vai al\u00e9m do que as pessoas est\u00e3o acostumadas a ver.<\/p>\n\n\n<div class=\"wp-block-image\">\n<figure class=\"aligncenter size-full is-resized\"><img loading=\"lazy\" decoding=\"async\" src=\"https:\/\/tvtecjundiai.com.br\/news\/wp-content\/uploads\/sites\/2\/2022\/11\/WhatsApp-Image-2022-11-03-at-09.11.40.jpeg\" alt=\"\" class=\"wp-image-100399\" width=\"488\" height=\"487\" srcset=\"https:\/\/tvtecjundiai.com.br\/news\/wp-content\/uploads\/sites\/2\/2022\/11\/WhatsApp-Image-2022-11-03-at-09.11.40.jpeg 950w, https:\/\/tvtecjundiai.com.br\/news\/wp-content\/uploads\/sites\/2\/2022\/11\/WhatsApp-Image-2022-11-03-at-09.11.40-300x299.jpeg 300w, https:\/\/tvtecjundiai.com.br\/news\/wp-content\/uploads\/sites\/2\/2022\/11\/WhatsApp-Image-2022-11-03-at-09.11.40-100x100.jpeg 100w, https:\/\/tvtecjundiai.com.br\/news\/wp-content\/uploads\/sites\/2\/2022\/11\/WhatsApp-Image-2022-11-03-at-09.11.40-768x766.jpeg 768w\" sizes=\"auto, (max-width: 488px) 100vw, 488px\" \/><\/figure>\n<\/div>\n\n\n<p>Confira os palestrantes do evento:<\/p>\n\n\n\n<p><strong>Nathaly Bispo:<\/strong> Content Designer e UX Writer no Mercado Livre<\/p>\n\n\n\n<p><strong>Marco Ant\u00f4nio Bini:<\/strong> Estrategista de Neg\u00f3cios e Co-fundador da Nuckturp, empresa focada em RPG e Jogos de Tabuleiro<\/p>\n\n\n\n<p><strong>L\u00edgia Zotini:<\/strong> Pesquisadora de futuros e fundadora da Voicers, ecossistema digital de educa\u00e7\u00e3o<\/p>\n\n\n\n<p><strong>Silvana Carias:<\/strong> Head de Marketing da Escola do Mec\u00e2nico<\/p>\n\n\n\n<p><strong>Marcos Batista: <\/strong>Co-fundador na Sala do Empreendedor Digital e Aceleradora de PME e Diretor de Inova\u00e7\u00e3o do Centro Paula Souza&nbsp;<\/p>\n\n\n\n<p><strong>JP Polo: <\/strong>Consultor S\u00eanior de DE&amp;I da Tree, empresa de consultoria e educa\u00e7\u00e3o em Diversidade, Equidade e Inclus\u00e3o<\/p>\n\n\n\n<p><strong>Deborah Guterres:<\/strong> Facilitadora na Inclus\u00e3o digital para jovens e adultos da Prefeitura de Jundia\u00ed<\/p>\n\n\n\n<p><strong>Matheus Dantas:<\/strong> Creative Copywriter na Deezer<\/p>\n\n\n\n<p><strong>Camila Molena:<\/strong> Agente de Inova\u00e7\u00e3o INOVA Centro Paula Souza<\/p>\n\n\n\n<p><strong>Fred Machado:<\/strong> Especialista em lideran\u00e7a aut\u00eantica<\/p>\n\n\n\n<p><strong>M\u00f4nica Gropelo:<\/strong> Superintendente da FTVTEC<\/p>\n\n\n\n<p><strong>Anderson M\u00fcller:<\/strong> Diretor de Produ\u00e7\u00e3o Multim\u00eddia da TVTEC Jundia\u00ed e Coordenador de p\u00f3s-gradua\u00e7\u00e3o do Senac Campinas<\/p>\n\n\n\n<p><strong><em>(Fonte\/Imagem: TVTEC Jundia\u00ed)<\/em><\/strong><\/p>\n","protected":false},"excerpt":{"rendered":"<p>Participantes do evento v\u00e3o descobrir como ressignificar e repensar a pr\u00f3pria vida, carreira e neg\u00f3cios<\/p>\n","protected":false},"author":30,"featured_media":100399,"comment_status":"closed","ping_status":"0","sticky":false,"template":"","format":"standard","meta":{"footnotes":""},"categories":[8362,8356,1,2835],"tags":[],"class_list":["post-100390","post","type-post","status-publish","format-standard","has-post-thumbnail","hentry","category-empreendedorismo","category-jundiai","category-noticias","category-tecnologia"],"_links":{"self":[{"href":"https:\/\/tvtecjundiai.com.br\/news\/wp-json\/wp\/v2\/posts\/100390","targetHints":{"allow":["GET"]}}],"collection":[{"href":"https:\/\/tvtecjundiai.com.br\/news\/wp-json\/wp\/v2\/posts"}],"about":[{"href":"https:\/\/tvtecjundiai.com.br\/news\/wp-json\/wp\/v2\/types\/post"}],"author":[{"embeddable":true,"href":"https:\/\/tvtecjundiai.com.br\/news\/wp-json\/wp\/v2\/users\/30"}],"replies":[{"embeddable":true,"href":"https:\/\/tvtecjundiai.com.br\/news\/wp-json\/wp\/v2\/comments?post=100390"}],"version-history":[{"count":7,"href":"https:\/\/tvtecjundiai.com.br\/news\/wp-json\/wp\/v2\/posts\/100390\/revisions"}],"predecessor-version":[{"id":100420,"href":"https:\/\/tvtecjundiai.com.br\/news\/wp-json\/wp\/v2\/posts\/100390\/revisions\/100420"}],"wp:featuredmedia":[{"embeddable":true,"href":"https:\/\/tvtecjundiai.com.br\/news\/wp-json\/wp\/v2\/media\/100399"}],"wp:attachment":[{"href":"https:\/\/tvtecjundiai.com.br\/news\/wp-json\/wp\/v2\/media?parent=100390"}],"wp:term":[{"taxonomy":"category","embeddable":true,"href":"https:\/\/tvtecjundiai.com.br\/news\/wp-json\/wp\/v2\/categories?post=100390"},{"taxonomy":"post_tag","embeddable":true,"href":"https:\/\/tvtecjundiai.com.br\/news\/wp-json\/wp\/v2\/tags?post=100390"}],"curies":[{"name":"wp","href":"https:\/\/api.w.org\/{rel}","templated":true}]}}