{"id":100421,"date":"2022-11-03T13:57:15","date_gmt":"2022-11-03T16:57:15","guid":{"rendered":"https:\/\/tvtecjundiai.com.br\/news\/?p=100421"},"modified":"2022-11-03T13:57:16","modified_gmt":"2022-11-03T16:57:16","slug":"ateal-promove-1a-feira-de-livros-e-materiais-educativos-no-sabado-5","status":"publish","type":"post","link":"https:\/\/tvtecjundiai.com.br\/news\/2022\/11\/03\/ateal-promove-1a-feira-de-livros-e-materiais-educativos-no-sabado-5\/","title":{"rendered":"Ateal promove 1\u00aa Feira de Livros e Materiais Educativos no s\u00e1bado (5)"},"content":{"rendered":"\n<p>Acontece no s\u00e1bado (5), das 9h \u00e0s 17h, a 1\u00aa edi\u00e7\u00e3o da Feira de Livros e Materiais Educativos (ATFLIME), da Ateal Jundia\u00ed. O evento gratuito conta com o apoio da Editora InHouse, Academia Jundiaiense de Letras, Academia Feminina de Letras e Artes de Jundia\u00ed, Gr\u00eamio Cultural Pedro F\u00e1varo e Academia Jundiaiense de Letras Jur\u00eddicas.<\/p>\n\n\n\n<p>Na Feira de Livros e Materiais Educativos, haver\u00e1 exposi\u00e7\u00e3o e lan\u00e7amento de obras, al\u00e9m de oficinas culturais. Alguns livros a serem lan\u00e7ados s\u00e3o \u201cBrasil &amp; It\u00e1lia. Dois Pa\u00edses: Uma s\u00f3 alma\u201d, de M\u00e1rcio Martelli e Rosalie Gallo, que estar\u00e3o no evento, e \u201c40 anos do grupo escoteiro de Jundia\u00ed\u201d, de F\u00e1bio Spina, que tamb\u00e9m estar\u00e1 presente. <\/p>\n\n\n\n<p>A 1\u00aa Feira de Livros e Materiais Educativos (ATFLIME) \u00e9 gratuita e ocorre neste s\u00e1bado (5), das 9h \u00e0s 17h, na Ateal, que fica na avenida Ant\u00f4nio Frederico Ozanan, 6561, Vila Rafael de Oliveira, em Jundia\u00ed.<\/p>\n\n\n\n<p><strong>Sobre a Ateal<\/strong><\/p>\n\n\n\n<p>Fundada em Jundia\u00ed em 1982 pela fonoaudi\u00f3loga Mariza Cavenaghi Argentino Pomilio, por pais de pacientes e por colaboradores, a Ateal (Associa\u00e7\u00e3o Terap\u00eautica de Estimula\u00e7\u00e3o Auditiva e Linguagem) \u00e9 uma associa\u00e7\u00e3o civil, assistencial e de pesquisa, sem fins econ\u00f4micos, que conta com a atua\u00e7\u00e3o de uma diretoria volunt\u00e1ria.<\/p>\n\n\n\n<p>A Ateal realiza exames em maternidades para detec\u00e7\u00e3o precoce da defici\u00eancia auditiva em beb\u00eas (teste da orelhinha), possui um Centro Audiol\u00f3gico para realiza\u00e7\u00e3o de exames da audi\u00e7\u00e3o, para a indica\u00e7\u00e3o e adapta\u00e7\u00e3o de aparelho auditivo, e participa de programas de sa\u00fade ocupacional em empresas para o diagn\u00f3stico e conserva\u00e7\u00e3o da audi\u00e7\u00e3o.<\/p>\n\n\n<div class=\"wp-block-image\">\n<figure class=\"aligncenter size-large is-resized\"><img loading=\"lazy\" decoding=\"async\" src=\"https:\/\/tvtecjundiai.com.br\/news\/wp-content\/uploads\/sites\/2\/2022\/11\/aparelhos_ateal_cb_-9-1200x801.jpg\" alt=\"\" class=\"wp-image-100422\" width=\"671\" height=\"447\" srcset=\"https:\/\/tvtecjundiai.com.br\/news\/wp-content\/uploads\/sites\/2\/2022\/11\/aparelhos_ateal_cb_-9-1200x801.jpg 1200w, https:\/\/tvtecjundiai.com.br\/news\/wp-content\/uploads\/sites\/2\/2022\/11\/aparelhos_ateal_cb_-9-300x200.jpg 300w, https:\/\/tvtecjundiai.com.br\/news\/wp-content\/uploads\/sites\/2\/2022\/11\/aparelhos_ateal_cb_-9-768x512.jpg 768w, https:\/\/tvtecjundiai.com.br\/news\/wp-content\/uploads\/sites\/2\/2022\/11\/aparelhos_ateal_cb_-9.jpg 1280w\" sizes=\"auto, (max-width: 671px) 100vw, 671px\" \/><\/figure>\n<\/div>\n\n\n<p><em><strong>(Fonte: TVTEC Jundia\u00ed\/Imagem: Prefeitura de Jundia\u00ed)<\/strong><\/em><\/p>\n","protected":false},"excerpt":{"rendered":"<p>O evento gratuito ter\u00e1 exposi\u00e7\u00e3o e lan\u00e7amento de obras, al\u00e9m de oficinas culturais<\/p>\n","protected":false},"author":30,"featured_media":100422,"comment_status":"closed","ping_status":"0","sticky":false,"template":"","format":"standard","meta":{"footnotes":""},"categories":[2833,8356,1],"tags":[],"class_list":["post-100421","post","type-post","status-publish","format-standard","has-post-thumbnail","hentry","category-cultura","category-jundiai","category-noticias"],"_links":{"self":[{"href":"https:\/\/tvtecjundiai.com.br\/news\/wp-json\/wp\/v2\/posts\/100421","targetHints":{"allow":["GET"]}}],"collection":[{"href":"https:\/\/tvtecjundiai.com.br\/news\/wp-json\/wp\/v2\/posts"}],"about":[{"href":"https:\/\/tvtecjundiai.com.br\/news\/wp-json\/wp\/v2\/types\/post"}],"author":[{"embeddable":true,"href":"https:\/\/tvtecjundiai.com.br\/news\/wp-json\/wp\/v2\/users\/30"}],"replies":[{"embeddable":true,"href":"https:\/\/tvtecjundiai.com.br\/news\/wp-json\/wp\/v2\/comments?post=100421"}],"version-history":[{"count":1,"href":"https:\/\/tvtecjundiai.com.br\/news\/wp-json\/wp\/v2\/posts\/100421\/revisions"}],"predecessor-version":[{"id":100423,"href":"https:\/\/tvtecjundiai.com.br\/news\/wp-json\/wp\/v2\/posts\/100421\/revisions\/100423"}],"wp:featuredmedia":[{"embeddable":true,"href":"https:\/\/tvtecjundiai.com.br\/news\/wp-json\/wp\/v2\/media\/100422"}],"wp:attachment":[{"href":"https:\/\/tvtecjundiai.com.br\/news\/wp-json\/wp\/v2\/media?parent=100421"}],"wp:term":[{"taxonomy":"category","embeddable":true,"href":"https:\/\/tvtecjundiai.com.br\/news\/wp-json\/wp\/v2\/categories?post=100421"},{"taxonomy":"post_tag","embeddable":true,"href":"https:\/\/tvtecjundiai.com.br\/news\/wp-json\/wp\/v2\/tags?post=100421"}],"curies":[{"name":"wp","href":"https:\/\/api.w.org\/{rel}","templated":true}]}}