{"id":100424,"date":"2022-11-03T15:17:55","date_gmt":"2022-11-03T18:17:55","guid":{"rendered":"https:\/\/tvtecjundiai.com.br\/news\/?p=100424"},"modified":"2022-11-03T15:17:56","modified_gmt":"2022-11-03T18:17:56","slug":"apae-jundiai-realiza-bazar-brecho-no-sabado-5","status":"publish","type":"post","link":"https:\/\/tvtecjundiai.com.br\/news\/2022\/11\/03\/apae-jundiai-realiza-bazar-brecho-no-sabado-5\/","title":{"rendered":"APAE Jundia\u00ed realiza Bazar Brech\u00f3 no s\u00e1bado (5)"},"content":{"rendered":"\n<p>A APAE de Jundia\u00ed promove no s\u00e1bado (5), das 9h \u00e0s 13h, mais um Bazar Brech\u00f3! Os visitantes encontrar\u00e3o pe\u00e7as de roupas, sapatos e acess\u00f3rios seminovos. Qualquer pe\u00e7a poder\u00e1 ser adquirida por apenas R$ 10. Os itens a serem vendidos foram doados pelo Brech\u00f3 Online Repassa.<\/p>\n\n\n\n<p>\u201cNossos bazares s\u00e3o um sucesso de vendas. A cada edi\u00e7\u00e3o, o Bazar Brech\u00f3 oferece uma \u00f3tima oportunidade para as pessoas colaborarem com a APAE, uma vez que toda a renda ser\u00e1 revertida para os atendimentos\u201d, explica J\u00e9ssica P\u00edcolo, respons\u00e1vel pelo Bazar.<\/p>\n\n\n<div class=\"wp-block-image\">\n<figure class=\"aligncenter size-full is-resized\"><img loading=\"lazy\" decoding=\"async\" src=\"https:\/\/tvtecjundiai.com.br\/news\/wp-content\/uploads\/sites\/2\/2022\/11\/apae-bazar.jpeg\" alt=\"\" class=\"wp-image-100425\" width=\"701\" height=\"415\" srcset=\"https:\/\/tvtecjundiai.com.br\/news\/wp-content\/uploads\/sites\/2\/2022\/11\/apae-bazar.jpeg 850w, https:\/\/tvtecjundiai.com.br\/news\/wp-content\/uploads\/sites\/2\/2022\/11\/apae-bazar-300x178.jpeg 300w, https:\/\/tvtecjundiai.com.br\/news\/wp-content\/uploads\/sites\/2\/2022\/11\/apae-bazar-768x454.jpeg 768w\" sizes=\"auto, (max-width: 701px) 100vw, 701px\" \/><\/figure>\n<\/div>\n\n\n<p>O sucesso dos bazares se deve \u00e0 consci\u00eancia social das pessoas. \u201cAl\u00e9m de ajudar a APAE, os nossos bazares agora s\u00e3o espor\u00e1dicos e \u00e9 poss\u00edvel encontrar produtos em bom estado e com pre\u00e7o bem pequeno\u201d, diz J\u00e9ssica.<\/p>\n\n\n\n<p>O Bazar Brech\u00f3 da APAE Jundia\u00ed acontece neste s\u00e1bado (5), das 9h \u00e0s 13h, com entrada pela rua Regente Feij\u00f3, 275, Vila Arens.<\/p>\n\n\n\n<p><strong><em>(Fonte\/Imagem: APAE Jundia\u00ed)<\/em><\/strong><\/p>\n","protected":false},"excerpt":{"rendered":"<p>Qualquer pe\u00e7a poder\u00e1 ser adquirida por apenas R$ 10<\/p>\n","protected":false},"author":30,"featured_media":100425,"comment_status":"closed","ping_status":"0","sticky":false,"template":"","format":"standard","meta":{"footnotes":""},"categories":[8356,1],"tags":[],"class_list":["post-100424","post","type-post","status-publish","format-standard","has-post-thumbnail","hentry","category-jundiai","category-noticias"],"_links":{"self":[{"href":"https:\/\/tvtecjundiai.com.br\/news\/wp-json\/wp\/v2\/posts\/100424","targetHints":{"allow":["GET"]}}],"collection":[{"href":"https:\/\/tvtecjundiai.com.br\/news\/wp-json\/wp\/v2\/posts"}],"about":[{"href":"https:\/\/tvtecjundiai.com.br\/news\/wp-json\/wp\/v2\/types\/post"}],"author":[{"embeddable":true,"href":"https:\/\/tvtecjundiai.com.br\/news\/wp-json\/wp\/v2\/users\/30"}],"replies":[{"embeddable":true,"href":"https:\/\/tvtecjundiai.com.br\/news\/wp-json\/wp\/v2\/comments?post=100424"}],"version-history":[{"count":1,"href":"https:\/\/tvtecjundiai.com.br\/news\/wp-json\/wp\/v2\/posts\/100424\/revisions"}],"predecessor-version":[{"id":100426,"href":"https:\/\/tvtecjundiai.com.br\/news\/wp-json\/wp\/v2\/posts\/100424\/revisions\/100426"}],"wp:featuredmedia":[{"embeddable":true,"href":"https:\/\/tvtecjundiai.com.br\/news\/wp-json\/wp\/v2\/media\/100425"}],"wp:attachment":[{"href":"https:\/\/tvtecjundiai.com.br\/news\/wp-json\/wp\/v2\/media?parent=100424"}],"wp:term":[{"taxonomy":"category","embeddable":true,"href":"https:\/\/tvtecjundiai.com.br\/news\/wp-json\/wp\/v2\/categories?post=100424"},{"taxonomy":"post_tag","embeddable":true,"href":"https:\/\/tvtecjundiai.com.br\/news\/wp-json\/wp\/v2\/tags?post=100424"}],"curies":[{"name":"wp","href":"https:\/\/api.w.org\/{rel}","templated":true}]}}