{"id":100443,"date":"2022-11-04T08:56:11","date_gmt":"2022-11-04T11:56:11","guid":{"rendered":"https:\/\/tvtecjundiai.com.br\/news\/?p=100443"},"modified":"2022-11-04T08:56:16","modified_gmt":"2022-11-04T11:56:16","slug":"consorcio-do-circuito-das-frutas-realiza-nova-reuniao-ordinaria","status":"publish","type":"post","link":"https:\/\/tvtecjundiai.com.br\/news\/2022\/11\/04\/consorcio-do-circuito-das-frutas-realiza-nova-reuniao-ordinaria\/","title":{"rendered":"Cons\u00f3rcio do Circuito das Frutas realiza nova reuni\u00e3o ordin\u00e1ria"},"content":{"rendered":"\n<p>O Prefeito Luiz Fernando Machado recebeu, na manh\u00e3 desta quinta-feira (3), representantes dos munic\u00edpios que comp\u00f5em o Cons\u00f3rcio Intermunicipal para Desenvolvimento do Polo Tur\u00edstico do Circuito das Frutas para a segunda reuni\u00e3o ordin\u00e1ria de 2022. De acordo com o estatuto do cons\u00f3rcio, devem ser realizadas pelo menos tr\u00eas reuni\u00f5es anuais. A terceira e \u00faltima acontecer\u00e1 em dezembro, para a presta\u00e7\u00e3o final de contas e encerramento do ano.<\/p>\n\n\n\n<p>Neste encontro, foi realizada a apresenta\u00e7\u00e3o das atividades desenvolvidas ao longo do ano, como participa\u00e7\u00e3o em eventos, feiras e confer\u00eancias, apresenta\u00e7\u00e3o do balan\u00e7o financeiro e cont\u00e1bil referente ao per\u00edodo entre janeiro e outubro de 2022 e remanejamentos dos recursos financeiros do planejamento deste ano, que foi aprovado pelo presidente do cons\u00f3rcio, o prefeito de Jundia\u00ed, e demais membros.<\/p>\n\n\n\n<p>Tamb\u00e9m estiveram presentes o prefeito de Louveira, Estanislau Steck, a prefeita de Jarinu, D\u00e9bora Prado, o vice-prefeito de Itupeva, Alexandre Mustafa, e o vice-prefeito de Morungaba Lu\u00eds Fernando Miguel, al\u00e9m de gestores municipais, secret\u00e1rios e diretores de turismo dos munic\u00edpios participantes.<\/p>\n\n\n\n<figure class=\"wp-block-image size-large\"><img loading=\"lazy\" decoding=\"async\" width=\"1200\" height=\"800\" src=\"https:\/\/tvtecjundiai.com.br\/news\/wp-content\/uploads\/sites\/2\/2022\/11\/reuniao-do-conselho-de-prefeitos-circuito-das-frutas_fm_-58-1200x800.jpg\" alt=\"\" class=\"wp-image-100444\" srcset=\"https:\/\/tvtecjundiai.com.br\/news\/wp-content\/uploads\/sites\/2\/2022\/11\/reuniao-do-conselho-de-prefeitos-circuito-das-frutas_fm_-58-1200x800.jpg 1200w, https:\/\/tvtecjundiai.com.br\/news\/wp-content\/uploads\/sites\/2\/2022\/11\/reuniao-do-conselho-de-prefeitos-circuito-das-frutas_fm_-58-300x200.jpg 300w, https:\/\/tvtecjundiai.com.br\/news\/wp-content\/uploads\/sites\/2\/2022\/11\/reuniao-do-conselho-de-prefeitos-circuito-das-frutas_fm_-58-768x512.jpg 768w, https:\/\/tvtecjundiai.com.br\/news\/wp-content\/uploads\/sites\/2\/2022\/11\/reuniao-do-conselho-de-prefeitos-circuito-das-frutas_fm_-58.jpg 1280w\" sizes=\"auto, (max-width: 1200px) 100vw, 1200px\" \/><figcaption>Cons\u00f3rcio de prefeitos do Circuito das Frutas se re\u00fane em Jundia\u00ed<\/figcaption><\/figure>\n\n\n\n<p>Ainda durante a reuni\u00e3o, foram discutidos assuntos a respeito da economia local e como valorizar ainda mais o produtor rural. \u201cPara 2023, poderemos pensar em tamb\u00e9m envolver a Unidade de Gest\u00e3o de Desenvolvimento Econ\u00f4mico, Ci\u00eancia e Tecnologia (UGDECT) nos projetos relacionados ao Circuito das Frutas e aos nossos produtores rurais, e buscar solu\u00e7\u00f5es cada vez mais inovadoras para o setor\u201d, sugeriu Luiz Fernando.<\/p>\n\n\n\n<p>\u201cTemos ainda projetos em andamento na ETEC Benedito Storani, como o desenvolvimento de equipamentos para a produ\u00e7\u00e3o de suco integral de uva e de cultivo protegido para auxiliar nossos produtores rurais. O cen\u00e1rio do vinho em toda a regi\u00e3o \u00e9 muito forte\u201d, afirma o gestor da Unidade de Gest\u00e3o de Agroneg\u00f3cio, Abastecimento e Turismo, Eduardo Alvarez.<\/p>\n\n\n\n<p>Os participantes tamb\u00e9m abordaram os pr\u00f3ximos eventos marcados para janeiro de 2023, como a Festa da Uva, em Jundia\u00ed, a Festa do Figo, na cidade de Valinhos, e a Festa do Caqui, em Itatiba.<\/p>\n\n\n\n<figure class=\"wp-block-image size-large\"><img loading=\"lazy\" decoding=\"async\" width=\"1200\" height=\"800\" src=\"https:\/\/tvtecjundiai.com.br\/news\/wp-content\/uploads\/sites\/2\/2022\/11\/reuniao-do-conselho-de-prefeitos-circuito-das-frutas_fm_-25-1200x800.jpg\" alt=\"\" class=\"wp-image-100445\" srcset=\"https:\/\/tvtecjundiai.com.br\/news\/wp-content\/uploads\/sites\/2\/2022\/11\/reuniao-do-conselho-de-prefeitos-circuito-das-frutas_fm_-25-1200x800.jpg 1200w, https:\/\/tvtecjundiai.com.br\/news\/wp-content\/uploads\/sites\/2\/2022\/11\/reuniao-do-conselho-de-prefeitos-circuito-das-frutas_fm_-25-300x200.jpg 300w, https:\/\/tvtecjundiai.com.br\/news\/wp-content\/uploads\/sites\/2\/2022\/11\/reuniao-do-conselho-de-prefeitos-circuito-das-frutas_fm_-25-768x512.jpg 768w, https:\/\/tvtecjundiai.com.br\/news\/wp-content\/uploads\/sites\/2\/2022\/11\/reuniao-do-conselho-de-prefeitos-circuito-das-frutas_fm_-25.jpg 1280w\" sizes=\"auto, (max-width: 1200px) 100vw, 1200px\" \/><figcaption>Luiz Fernando Machado recebe representantes dos demais munic\u00edpios<\/figcaption><\/figure>\n\n\n\n<p><em><strong>(Fonte\/Imagens: Prefeitura de Jundia\u00ed)<\/strong><\/em><\/p>\n","protected":false},"excerpt":{"rendered":"<p>De acordo com o estatuto do cons\u00f3rcio, devem ser realizadas pelo menos tr\u00eas reuni\u00f5es anuais<\/p>\n","protected":false},"author":30,"featured_media":100445,"comment_status":"closed","ping_status":"0","sticky":false,"template":"","format":"standard","meta":{"footnotes":""},"categories":[8356,1],"tags":[],"class_list":["post-100443","post","type-post","status-publish","format-standard","has-post-thumbnail","hentry","category-jundiai","category-noticias"],"_links":{"self":[{"href":"https:\/\/tvtecjundiai.com.br\/news\/wp-json\/wp\/v2\/posts\/100443","targetHints":{"allow":["GET"]}}],"collection":[{"href":"https:\/\/tvtecjundiai.com.br\/news\/wp-json\/wp\/v2\/posts"}],"about":[{"href":"https:\/\/tvtecjundiai.com.br\/news\/wp-json\/wp\/v2\/types\/post"}],"author":[{"embeddable":true,"href":"https:\/\/tvtecjundiai.com.br\/news\/wp-json\/wp\/v2\/users\/30"}],"replies":[{"embeddable":true,"href":"https:\/\/tvtecjundiai.com.br\/news\/wp-json\/wp\/v2\/comments?post=100443"}],"version-history":[{"count":1,"href":"https:\/\/tvtecjundiai.com.br\/news\/wp-json\/wp\/v2\/posts\/100443\/revisions"}],"predecessor-version":[{"id":100446,"href":"https:\/\/tvtecjundiai.com.br\/news\/wp-json\/wp\/v2\/posts\/100443\/revisions\/100446"}],"wp:featuredmedia":[{"embeddable":true,"href":"https:\/\/tvtecjundiai.com.br\/news\/wp-json\/wp\/v2\/media\/100445"}],"wp:attachment":[{"href":"https:\/\/tvtecjundiai.com.br\/news\/wp-json\/wp\/v2\/media?parent=100443"}],"wp:term":[{"taxonomy":"category","embeddable":true,"href":"https:\/\/tvtecjundiai.com.br\/news\/wp-json\/wp\/v2\/categories?post=100443"},{"taxonomy":"post_tag","embeddable":true,"href":"https:\/\/tvtecjundiai.com.br\/news\/wp-json\/wp\/v2\/tags?post=100443"}],"curies":[{"name":"wp","href":"https:\/\/api.w.org\/{rel}","templated":true}]}}