{"id":100447,"date":"2022-11-04T09:17:53","date_gmt":"2022-11-04T12:17:53","guid":{"rendered":"https:\/\/tvtecjundiai.com.br\/news\/?p=100447"},"modified":"2022-11-04T09:17:59","modified_gmt":"2022-11-04T12:17:59","slug":"confira-as-delicias-que-estarao-a-venda-na-feira-gastronomica-do-espaco-expressa","status":"publish","type":"post","link":"https:\/\/tvtecjundiai.com.br\/news\/2022\/11\/04\/confira-as-delicias-que-estarao-a-venda-na-feira-gastronomica-do-espaco-expressa\/","title":{"rendered":"Confira as del\u00edcias que estar\u00e3o \u00e0 venda na Feira Gastron\u00f4mica do Espa\u00e7o Expressa"},"content":{"rendered":"\n<p>Com foco na reflex\u00e3o sobre o futuro da comida e na valoriza\u00e7\u00e3o das tradi\u00e7\u00f5es locais, rurais e caipiras, a Feira Gastron\u00f4mica que ser\u00e1 realizada no Espa\u00e7o Expressa (antigo Complexo Fepasa) traz, neste s\u00e1bado (05) e domingo (06), das 11h \u00e0s 19h, uma s\u00e9rie de del\u00edcias gastron\u00f4micas \u00e0 venda para consumo no local.<\/p>\n\n\n\n<p>\u201cDos cinco eixos norteadores da ocupa\u00e7\u00e3o do Espa\u00e7o Expressa que iniciam com a letra C, esta programa\u00e7\u00e3o com foco na Comida pretende repetir o sucesso das atra\u00e7\u00f5es da programa\u00e7\u00e3o para Crian\u00e7as, realizada em setembro. O desejo da Prefeitura \u00e9 que, somadas aos investimentos milion\u00e1rios na revitaliza\u00e7\u00e3o e preserva\u00e7\u00e3o do Espa\u00e7o, essas programa\u00e7\u00f5es tamb\u00e9m viabilizem o entendimento sobre a sua voca\u00e7\u00e3o e que a popula\u00e7\u00e3o o frequente cada vez mais\u201d, comentou o gestor de Cultura, Marcelo Peroni.<\/p>\n\n\n\n<p>Entre as op\u00e7\u00f5es est\u00e3o tamb\u00e9m os j\u00e1 conhecidos quitutes dos permission\u00e1rios das feiras e varej\u00f5es municipais, vinculados \u00e0 Unidade de Gest\u00e3o de Agroneg\u00f3cio, Abastecimento e Turismo (UGAAT), como a tradicional coxinha de queijo (patrim\u00f4nio imaterial de Jundia\u00ed) e outros sabores, do&nbsp;<a href=\"https:\/\/jundiai.sp.gov.br\/noticias\/2021\/05\/18\/kiosque-roseira-vence-nas-duas-categorias-como-a-melhor-coxinha-de-queijo-de-jundiai\/\">Kiosque da Roseira, atual campe\u00e3 no concurso de melhor Coxinha de queijo de Jundia\u00ed<\/a>; frango com polenta; hamb\u00fargueres e cervejas artesanais, da Open Tap Craft Beer; sandu\u00edches grego, de lingui\u00e7a e de pernil; past\u00e9is; crepes; churros e caldo de cana.<\/p>\n\n\n\n<p>Quem for \u00e0 feira ao longo dos dias de programa\u00e7\u00e3o tamb\u00e9m poder\u00e1 comprar e se saborear as del\u00edcias dos chefs renomados que participar\u00e3o do debate marcado para o domingo (06), \u00e0s 15h.Entre as del\u00edcias est\u00e3o: pizzas e focaccia com fermenta\u00e7\u00e3o natural, do chef Jaderson Coimbra; e doces com ingredientes e preparos \u00edtalo-caipiras, como torta br\u00fbl\u00e9e de fub\u00e1 cremoso com goiabada e bolo de chocolate, doce de ab\u00f3bora, ganache e especiarias, do chef Lucas Corazza; al\u00e9m de lanches de p\u00e3o de queijo feitos com geleias, queijos e embutidos produzidos em Jundia\u00ed, tortano de calabresa, cookies, p\u00e3es de fermenta\u00e7\u00e3o natural e outros quitutes, da Padoca Ruggieri.<\/p>\n\n\n\n<figure class=\"wp-block-gallery has-nested-images columns-default is-cropped wp-block-gallery-1 is-layout-flex wp-block-gallery-is-layout-flex\">\n<figure class=\"wp-block-image size-large\"><img loading=\"lazy\" decoding=\"async\" width=\"500\" height=\"500\" data-id=\"100448\" src=\"https:\/\/tvtecjundiai.com.br\/news\/wp-content\/uploads\/sites\/2\/2022\/11\/coxinha_kiosque_roseira-1.png\" alt=\"\" class=\"wp-image-100448\" srcset=\"https:\/\/tvtecjundiai.com.br\/news\/wp-content\/uploads\/sites\/2\/2022\/11\/coxinha_kiosque_roseira-1.png 500w, https:\/\/tvtecjundiai.com.br\/news\/wp-content\/uploads\/sites\/2\/2022\/11\/coxinha_kiosque_roseira-1-300x300.png 300w, https:\/\/tvtecjundiai.com.br\/news\/wp-content\/uploads\/sites\/2\/2022\/11\/coxinha_kiosque_roseira-1-100x100.png 100w\" sizes=\"auto, (max-width: 500px) 100vw, 500px\" \/><figcaption>Coxinha de queijo do Kiosque da Roseira<\/figcaption><\/figure>\n\n\n\n<figure class=\"wp-block-image size-large\"><img loading=\"lazy\" decoding=\"async\" width=\"500\" height=\"500\" data-id=\"100449\" src=\"https:\/\/tvtecjundiai.com.br\/news\/wp-content\/uploads\/sites\/2\/2022\/11\/open_tap.png\" alt=\"\" class=\"wp-image-100449\" srcset=\"https:\/\/tvtecjundiai.com.br\/news\/wp-content\/uploads\/sites\/2\/2022\/11\/open_tap.png 500w, https:\/\/tvtecjundiai.com.br\/news\/wp-content\/uploads\/sites\/2\/2022\/11\/open_tap-300x300.png 300w, https:\/\/tvtecjundiai.com.br\/news\/wp-content\/uploads\/sites\/2\/2022\/11\/open_tap-100x100.png 100w\" sizes=\"auto, (max-width: 500px) 100vw, 500px\" \/><figcaption>Hamb\u00fargueres e cervejas, da Open Tap Craft Beer<\/figcaption><\/figure>\n\n\n\n<figure class=\"wp-block-image size-large\"><img loading=\"lazy\" decoding=\"async\" width=\"500\" height=\"500\" data-id=\"100450\" src=\"https:\/\/tvtecjundiai.com.br\/news\/wp-content\/uploads\/sites\/2\/2022\/11\/geleia.png\" alt=\"\" class=\"wp-image-100450\" srcset=\"https:\/\/tvtecjundiai.com.br\/news\/wp-content\/uploads\/sites\/2\/2022\/11\/geleia.png 500w, https:\/\/tvtecjundiai.com.br\/news\/wp-content\/uploads\/sites\/2\/2022\/11\/geleia-300x300.png 300w, https:\/\/tvtecjundiai.com.br\/news\/wp-content\/uploads\/sites\/2\/2022\/11\/geleia-100x100.png 100w\" sizes=\"auto, (max-width: 500px) 100vw, 500px\" \/><figcaption>Geleias locais<\/figcaption><\/figure>\n<\/figure>\n\n\n\n<figure class=\"wp-block-gallery has-nested-images columns-default is-cropped wp-block-gallery-2 is-layout-flex wp-block-gallery-is-layout-flex\">\n<figure class=\"wp-block-image size-large\"><img loading=\"lazy\" decoding=\"async\" width=\"500\" height=\"500\" data-id=\"100451\" src=\"https:\/\/tvtecjundiai.com.br\/news\/wp-content\/uploads\/sites\/2\/2022\/11\/Padoca-Ruggieri.png\" alt=\"\" class=\"wp-image-100451\" srcset=\"https:\/\/tvtecjundiai.com.br\/news\/wp-content\/uploads\/sites\/2\/2022\/11\/Padoca-Ruggieri.png 500w, https:\/\/tvtecjundiai.com.br\/news\/wp-content\/uploads\/sites\/2\/2022\/11\/Padoca-Ruggieri-300x300.png 300w, https:\/\/tvtecjundiai.com.br\/news\/wp-content\/uploads\/sites\/2\/2022\/11\/Padoca-Ruggieri-100x100.png 100w\" sizes=\"auto, (max-width: 500px) 100vw, 500px\" \/><figcaption>Padoca Ruggieri<\/figcaption><\/figure>\n\n\n\n<figure class=\"wp-block-image size-large\"><img loading=\"lazy\" decoding=\"async\" width=\"500\" height=\"500\" data-id=\"100452\" src=\"https:\/\/tvtecjundiai.com.br\/news\/wp-content\/uploads\/sites\/2\/2022\/11\/pizza_olive.png\" alt=\"\" class=\"wp-image-100452\" srcset=\"https:\/\/tvtecjundiai.com.br\/news\/wp-content\/uploads\/sites\/2\/2022\/11\/pizza_olive.png 500w, https:\/\/tvtecjundiai.com.br\/news\/wp-content\/uploads\/sites\/2\/2022\/11\/pizza_olive-300x300.png 300w, https:\/\/tvtecjundiai.com.br\/news\/wp-content\/uploads\/sites\/2\/2022\/11\/pizza_olive-100x100.png 100w\" sizes=\"auto, (max-width: 500px) 100vw, 500px\" \/><figcaption>Pizzas e focaccia com fermenta\u00e7\u00e3o natural, do chef Jaderson Coimbra<\/figcaption><\/figure>\n\n\n\n<figure class=\"wp-block-image size-large\"><img loading=\"lazy\" decoding=\"async\" width=\"500\" height=\"500\" data-id=\"100453\" src=\"https:\/\/tvtecjundiai.com.br\/news\/wp-content\/uploads\/sites\/2\/2022\/11\/bolo_de_chocolate.png\" alt=\"\" class=\"wp-image-100453\" srcset=\"https:\/\/tvtecjundiai.com.br\/news\/wp-content\/uploads\/sites\/2\/2022\/11\/bolo_de_chocolate.png 500w, https:\/\/tvtecjundiai.com.br\/news\/wp-content\/uploads\/sites\/2\/2022\/11\/bolo_de_chocolate-300x300.png 300w, https:\/\/tvtecjundiai.com.br\/news\/wp-content\/uploads\/sites\/2\/2022\/11\/bolo_de_chocolate-100x100.png 100w\" sizes=\"auto, (max-width: 500px) 100vw, 500px\" \/><figcaption>Bolo de chocolate, do chef Lucas Corazza<\/figcaption><\/figure>\n<\/figure>\n\n\n\n<p><strong>Mais del\u00edcias locais<\/strong><br>Quem for \u00e0 feira tamb\u00e9m poder\u00e1 adquirir diversos itens de produ\u00e7\u00f5es locais, levados tamb\u00e9m por permission\u00e1rios das feiras e varej\u00f5es. Entre eles est\u00e3o frutas da esta\u00e7\u00e3o, verduras e legumes, salada de frutas, tomates cereja, queijos frescos e curados, embutidos, mel, granolas doces e salgadas, cogumelos, quibe e hamb\u00fargueres de cogumelos, al\u00e9m de conservas, como de berinjela e de pepino, e geleia de uva Ni\u00e1gara.<\/p>\n\n\n\n<p>Os artistas do programa municipal Jundia\u00ed feito \u00e0 M\u00e3o tamb\u00e9m marcam presen\u00e7a durante o fim de semana, com a exposi\u00e7\u00e3o e venda de itens, como artesanatos em geral, pe\u00e7as de decora\u00e7\u00e3o em caba\u00e7a, acess\u00f3rios em patchwork e bordados.<\/p>\n\n\n\n<p>O Espa\u00e7o Expressa fica na avenida Uni\u00e3o dos Ferrovi\u00e1rios, 1760. Al\u00e9m da entrada e atra\u00e7\u00f5es culturais gratuitas, o visitante poder\u00e1 contar tamb\u00e9m com estacionamento gratuito no local. Mais informa\u00e7\u00f5es pelo telefone (11) 4589-6800.<\/p>\n\n\n\n<p><em><strong>(Fonte: Prefeitura de Jundia\u00ed\/Imagens: Divulga\u00e7\u00e3o)<\/strong><\/em><\/p>\n","protected":false},"excerpt":{"rendered":"<p>Foco \u00e9 a valoriza\u00e7\u00e3o das tradi\u00e7\u00f5es locais, rurais e caipiras<\/p>\n","protected":false},"author":30,"featured_media":100454,"comment_status":"closed","ping_status":"0","sticky":false,"template":"","format":"standard","meta":{"footnotes":""},"categories":[6309,8356,1],"tags":[],"class_list":["post-100447","post","type-post","status-publish","format-standard","has-post-thumbnail","hentry","category-gastronomia","category-jundiai","category-noticias"],"_links":{"self":[{"href":"https:\/\/tvtecjundiai.com.br\/news\/wp-json\/wp\/v2\/posts\/100447","targetHints":{"allow":["GET"]}}],"collection":[{"href":"https:\/\/tvtecjundiai.com.br\/news\/wp-json\/wp\/v2\/posts"}],"about":[{"href":"https:\/\/tvtecjundiai.com.br\/news\/wp-json\/wp\/v2\/types\/post"}],"author":[{"embeddable":true,"href":"https:\/\/tvtecjundiai.com.br\/news\/wp-json\/wp\/v2\/users\/30"}],"replies":[{"embeddable":true,"href":"https:\/\/tvtecjundiai.com.br\/news\/wp-json\/wp\/v2\/comments?post=100447"}],"version-history":[{"count":1,"href":"https:\/\/tvtecjundiai.com.br\/news\/wp-json\/wp\/v2\/posts\/100447\/revisions"}],"predecessor-version":[{"id":100455,"href":"https:\/\/tvtecjundiai.com.br\/news\/wp-json\/wp\/v2\/posts\/100447\/revisions\/100455"}],"wp:featuredmedia":[{"embeddable":true,"href":"https:\/\/tvtecjundiai.com.br\/news\/wp-json\/wp\/v2\/media\/100454"}],"wp:attachment":[{"href":"https:\/\/tvtecjundiai.com.br\/news\/wp-json\/wp\/v2\/media?parent=100447"}],"wp:term":[{"taxonomy":"category","embeddable":true,"href":"https:\/\/tvtecjundiai.com.br\/news\/wp-json\/wp\/v2\/categories?post=100447"},{"taxonomy":"post_tag","embeddable":true,"href":"https:\/\/tvtecjundiai.com.br\/news\/wp-json\/wp\/v2\/tags?post=100447"}],"curies":[{"name":"wp","href":"https:\/\/api.w.org\/{rel}","templated":true}]}}