{"id":100456,"date":"2022-11-04T09:57:51","date_gmt":"2022-11-04T12:57:51","guid":{"rendered":"https:\/\/tvtecjundiai.com.br\/news\/?p=100456"},"modified":"2022-11-04T09:57:57","modified_gmt":"2022-11-04T12:57:57","slug":"fabrica-japy-biblioteca-e-espaco-expressa-tem-programacao-infantojuvenil-neste-fim-de-semana","status":"publish","type":"post","link":"https:\/\/tvtecjundiai.com.br\/news\/2022\/11\/04\/fabrica-japy-biblioteca-e-espaco-expressa-tem-programacao-infantojuvenil-neste-fim-de-semana\/","title":{"rendered":"F\u00e1brica Japy, Biblioteca e Espa\u00e7o Expressa tem programa\u00e7\u00e3o infantojuvenil neste fim de semana"},"content":{"rendered":"\n<p>A F\u00e1brica das Inf\u00e2ncias Japy ser\u00e1 palco neste final de semana, para a realiza\u00e7\u00e3o da \u201cMostra Livre Poiesis\u201d, a\u00e7\u00e3o do Programa de Qualifica\u00e7\u00e3o em Artes, das Oficinas Culturais, da Secretaria de Cultura e Economia Criativa do Estado de S\u00e3o Paulo, oportunidade em que se apresentar\u00e3o as cinco companhias teatrais de Jundia\u00ed selecionadas pelo programa: Cia. O que tem Maria?, Cia. Tramp de Palha\u00e7os, Cia. En)Cantar: Hist\u00f3rias de Inf\u00e2ncias, Cena 4 Produ\u00e7\u00f5es e Trupe Trapaceros.<\/p>\n\n\n\n<p>A a\u00e7\u00e3o segundo Marcelo Peroni tem o apoio da Prefeitura de Jundia\u00ed, por meio da Unidade de Gest\u00e3o de Cultura ser\u00e1 toda gratuita e voltada para o p\u00fablico infantil. \u201cDentro das propostas do Programa municipal Cidade das Crian\u00e7as estamos buscando aproximar cada vez mais a crian\u00e7a e sua fam\u00edlia das a\u00e7\u00f5es que desenvolvemos nos espa\u00e7os culturais da cidade, para que se fortale\u00e7am os v\u00ednculos de apropria\u00e7\u00e3o dos equipamentos e oferecendo oportunidades para acesso aos mais diversos segmentos culturais\u201d, observou o gestor de Cultura.<\/p>\n\n\n\n<p>A programa\u00e7\u00e3o da &#8220;Mostra Livre Poiesis\u201d acontecer\u00e1 em dois dias: s\u00e1bado (05) e domingo (06). Ap\u00f3s cada espet\u00e1culo, o p\u00fablico poder\u00e1 participar de debate com atores e diretores. Confira a programa\u00e7\u00e3o:<\/p>\n\n\n\n<p><strong>Dia 5 \u2013 s\u00e1bado<\/strong><\/p>\n\n\n\n<p><strong>10h \u2013 Cia. En)Cantar: Hist\u00f3rias de Inf\u00e2ncias<\/strong>, com o espet\u00e1culo \u201c O nascer de Iara, m\u00e3e d\u2019\u00e1gua\u201d. A apresenta\u00e7\u00e3o mostra a beira do rio Jundia\u00ed, tr\u00eas lavadeiras, que buscam as origens de uma cantiga nas hist\u00f3rias contadas por suas ancestrais. Uma mistura de teatro e narrativa onde as personagens v\u00e3o constituindo em sombras, bonecos, malabares, sons e proje\u00e7\u00f5es que tecem a hist\u00f3ria de Iara, a m\u00e3e d\u2019\u00e1gua.<\/p>\n\n\n\n<p><strong>14h \u2013 Cena 4 Produ\u00e7\u00f5es<\/strong>, com o espet\u00e1culo \u201cPaula e o Lobo\u201d. Uma trupe de artistas mambembe chegam a uma cidade para apresentar o conto \u201cPedro e o Lobo\u201d. Por\u00e9m ao chegar na descobrem que parte da trupe se perdeu no caminho e que eles ter\u00e3o que representar todos os personagens, inclusive Pedro, o ator principal. Diante do desafio, Paula questiona: e se a protagonista fosse uma mulher? Uma reviravolta acontece e o espet\u00e1culo ganha uma nova vers\u00e3o, onde destacam que honestidade, perseveran\u00e7a e companheirismo s\u00e3o sempre temas atuais.<\/p>\n\n\n\n<figure class=\"wp-block-image size-large\"><img loading=\"lazy\" decoding=\"async\" width=\"1200\" height=\"800\" src=\"https:\/\/tvtecjundiai.com.br\/news\/wp-content\/uploads\/sites\/2\/2022\/11\/paula_e_o_lobo_cena4-1200x800.jpg\" alt=\"\" class=\"wp-image-100461\" srcset=\"https:\/\/tvtecjundiai.com.br\/news\/wp-content\/uploads\/sites\/2\/2022\/11\/paula_e_o_lobo_cena4-1200x800.jpg 1200w, https:\/\/tvtecjundiai.com.br\/news\/wp-content\/uploads\/sites\/2\/2022\/11\/paula_e_o_lobo_cena4-300x200.jpg 300w, https:\/\/tvtecjundiai.com.br\/news\/wp-content\/uploads\/sites\/2\/2022\/11\/paula_e_o_lobo_cena4-768x512.jpg 768w, https:\/\/tvtecjundiai.com.br\/news\/wp-content\/uploads\/sites\/2\/2022\/11\/paula_e_o_lobo_cena4.jpg 1280w\" sizes=\"auto, (max-width: 1200px) 100vw, 1200px\" \/><figcaption>\u201cPaula e o Lobo\u201d, da Cena 4 Produ\u00e7\u00f5es, est\u00e1 entre os espet\u00e1culos deste s\u00e1bado (05), na Japy<\/figcaption><\/figure>\n\n\n\n<p><strong>Dia 6 \u2013 domingo<\/strong><\/p>\n\n\n\n<p><strong>14h \u2013 Trupe Trapaceros<\/strong>, com o espet\u00e1culo \u201cSemin\u00e1rio quase internacional de m\u00fasica musical\u201d. O grande maestro Tigela, se desafia a apresentar todos os ritmos do mundo, atrav\u00e9s da po\u00e9tica, do humor, da ventriloquia e de engenhocas sonoras altamente artesanais. Um encontro l\u00fadico e palhac\u00edstico com o p\u00fablico que \u00e9 convidado a mergulhar na musicalidade da vida de cada um de n\u00f3s.<\/p>\n\n\n\n<p><strong>15h30 \u2013 Cia. O que tem Maria?<\/strong>, com o espet\u00e1culo \u201c A Cientista\u201d. Um convite para entrar no universo da palha\u00e7aria e das experimenta\u00e7\u00f5es cient\u00edficas. Com elementos l\u00fadicos, c\u00f4micos, sonoros e brincadeiras a personagem Cotonete Maria se apresenta com toda sua pot\u00eancia curiosa e atrapalhada. Apaixonada por borboletas sua pergunta \u00e9: ser\u00e1 poss\u00edvel criar borboletas em laborat\u00f3rios? Diante desse questionamento tudo vai acontecer, com muitas surpresas para a plateia.<\/p>\n\n\n\n<p><strong>17h \u2013 Cia. Tramp de Palha\u00e7os<\/strong>, com o espet\u00e1culo \u201c Charanga da Tramp\u201d. Unindo m\u00fasica e circo, os palha\u00e7os Chimpa, Filomeno, Pompeu e Lechuga contam de forma did\u00e1tica para a plateia sobre a import\u00e2ncia da charanga \u2013 como era chamada a banda de circo \u2013 no andamento de um espet\u00e1culo. A proposta \u00e9 resgatar a mem\u00f3ria dos pequenos circos mambembes que circulavam pelo Brasil, mostrando a sua import\u00e2ncia nos dias atuais.<\/p>\n\n\n\n<p>A F\u00e1brica das Inf\u00e2ncias Japy est\u00e1 localizada na rua Lacerda Franco, 175 \u2013 Vila Arens. Mais informa\u00e7\u00f5es pelo telefone 4521.0971.<\/p>\n\n\n\n<figure class=\"wp-block-image size-large\"><img loading=\"lazy\" decoding=\"async\" width=\"1200\" height=\"803\" src=\"https:\/\/tvtecjundiai.com.br\/news\/wp-content\/uploads\/sites\/2\/2022\/11\/charanga_cia_tramp-1200x803.jpeg\" alt=\"\" class=\"wp-image-100462\" srcset=\"https:\/\/tvtecjundiai.com.br\/news\/wp-content\/uploads\/sites\/2\/2022\/11\/charanga_cia_tramp-1200x803.jpeg 1200w, https:\/\/tvtecjundiai.com.br\/news\/wp-content\/uploads\/sites\/2\/2022\/11\/charanga_cia_tramp-300x201.jpeg 300w, https:\/\/tvtecjundiai.com.br\/news\/wp-content\/uploads\/sites\/2\/2022\/11\/charanga_cia_tramp-768x514.jpeg 768w, https:\/\/tvtecjundiai.com.br\/news\/wp-content\/uploads\/sites\/2\/2022\/11\/charanga_cia_tramp.jpeg 1256w\" sizes=\"auto, (max-width: 1200px) 100vw, 1200px\" \/><figcaption>A Cia. Tramp de Palha\u00e7os apresenta a sua Charanga na Japy no domingo (06)<\/figcaption><\/figure>\n\n\n\n<p><strong>Biblioteca<\/strong><\/p>\n\n\n\n<p>Na Biblioteca P\u00fablica Professor Nelson Foot (BNF), a programa\u00e7\u00e3o cultural para o p\u00fablico infantil neste s\u00e1bado, dia 5, acontecer\u00e1 das 11h \u00e0s 12h, com entrada gratuita, e j\u00e1 integra as a\u00e7\u00f5es da Unidade de Gest\u00e3o de Cultura, alusivas ao M\u00eas da Consci\u00eancia Negra. Assim, nessa semana, a Cia. Contando com Encanto, traz duas hist\u00f3rias do continente africano para a garotada: \u201c O cora\u00e7\u00e3o do Baob\u00e1\u201d, uma \u00e1rvore t\u00e3o grande que a sombra de sua copa pode cobrir uma aldeia inteira e \u201c Anansi e o roubo das hist\u00f3rias\u201d. Ap\u00f3s a conta\u00e7\u00e3o das hist\u00f3rias ser\u00e1 realizada uma mini oficina de boneca Abayomi, s\u00edmbolo de resist\u00eancia e que traz a ess\u00eancia do povo africano.<\/p>\n\n\n\n<p>A BNF est\u00e1 localizada dentro do Complexo Argos, na avenida Dr. Cavalcanti, 396, na Vila Arens, com estacionamento gratuito no local. Mais informa\u00e7\u00f5es pelo telefone 4527.2110.<\/p>\n\n\n\n<p><strong>Espa\u00e7o Expressa&nbsp;<\/strong>(antigo Complexo Fepasa)<\/p>\n\n\n\n<p>Dentro da programa\u00e7\u00e3o da Feira Gastron\u00f4mica que acontecer\u00e1 no s\u00e1bado e domingo, a UGC tamb\u00e9m preparou para os dois dias uma programa\u00e7\u00e3opara a garotada. No s\u00e1bado (05), \u00e0s 15h, na \u00e1rea parque central ter\u00e1 o Cortejo da Cia. Tramp de Palha\u00e7os.<\/p>\n\n\n\n<p><a href=\"https:\/\/jundiai.sp.gov.br\/noticias\/2022\/10\/31\/espaco-expressa-recebe-feira-gastronomica-e-promove-debate-sobre-o-futuro-da-comida\/\">CONFIRA OS DETALHES DA FEIRA GASTRON\u00d4MICA NO ESPA\u00c7O EXPRESSA<\/a><\/p>\n\n\n\n<p>J\u00e1 no domingo (06), o grupo Loa Terra prop\u00f5e as oficinas \u201cDe onde v\u00eam os alimentos\u201d, das 10h \u00e0s 16h, e \u201cViva o ciclo vivo\u201d, das 11h \u00e0s 15h. \u00c0s 14h, a Cia. Tramp de Palha\u00e7os reapresenta o seu Cortejo.<\/p>\n\n\n\n<p>Das 10h \u00e0s 16h, em ambos os dias, a crian\u00e7ada poder\u00e1 se divertir tamb\u00e9m com a instala\u00e7\u00e3o \u201cParque de Bambus\u201d, na \u00e1rea parque central.<\/p>\n\n\n\n<p>O Espa\u00e7o Expressa fica na avenida Uni\u00e3o dos Ferrovi\u00e1rios, 1760, e conta com estacionamento gratuito. Mais informa\u00e7\u00f5es pelo telefone 4589-6800.<\/p>\n\n\n\n<p><strong><em>(Fonte\/Imagens: Prefeitura de Jundia\u00ed)<\/em><\/strong><\/p>\n","protected":false},"excerpt":{"rendered":"<p>Apresenta\u00e7\u00f5es teatrais, conta\u00e7\u00e3o de hist\u00f3rias e Feira Gastron\u00f4mica prometem divertir toda a fam\u00edlia<\/p>\n","protected":false},"author":30,"featured_media":100462,"comment_status":"closed","ping_status":"0","sticky":false,"template":"","format":"standard","meta":{"footnotes":""},"categories":[2833,8356,1],"tags":[],"class_list":["post-100456","post","type-post","status-publish","format-standard","has-post-thumbnail","hentry","category-cultura","category-jundiai","category-noticias"],"_links":{"self":[{"href":"https:\/\/tvtecjundiai.com.br\/news\/wp-json\/wp\/v2\/posts\/100456","targetHints":{"allow":["GET"]}}],"collection":[{"href":"https:\/\/tvtecjundiai.com.br\/news\/wp-json\/wp\/v2\/posts"}],"about":[{"href":"https:\/\/tvtecjundiai.com.br\/news\/wp-json\/wp\/v2\/types\/post"}],"author":[{"embeddable":true,"href":"https:\/\/tvtecjundiai.com.br\/news\/wp-json\/wp\/v2\/users\/30"}],"replies":[{"embeddable":true,"href":"https:\/\/tvtecjundiai.com.br\/news\/wp-json\/wp\/v2\/comments?post=100456"}],"version-history":[{"count":2,"href":"https:\/\/tvtecjundiai.com.br\/news\/wp-json\/wp\/v2\/posts\/100456\/revisions"}],"predecessor-version":[{"id":100463,"href":"https:\/\/tvtecjundiai.com.br\/news\/wp-json\/wp\/v2\/posts\/100456\/revisions\/100463"}],"wp:featuredmedia":[{"embeddable":true,"href":"https:\/\/tvtecjundiai.com.br\/news\/wp-json\/wp\/v2\/media\/100462"}],"wp:attachment":[{"href":"https:\/\/tvtecjundiai.com.br\/news\/wp-json\/wp\/v2\/media?parent=100456"}],"wp:term":[{"taxonomy":"category","embeddable":true,"href":"https:\/\/tvtecjundiai.com.br\/news\/wp-json\/wp\/v2\/categories?post=100456"},{"taxonomy":"post_tag","embeddable":true,"href":"https:\/\/tvtecjundiai.com.br\/news\/wp-json\/wp\/v2\/tags?post=100456"}],"curies":[{"name":"wp","href":"https:\/\/api.w.org\/{rel}","templated":true}]}}