{"id":100478,"date":"2022-11-04T13:54:16","date_gmt":"2022-11-04T16:54:16","guid":{"rendered":"https:\/\/tvtecjundiai.com.br\/news\/?p=100478"},"modified":"2022-11-04T15:57:43","modified_gmt":"2022-11-04T18:57:43","slug":"ainda-da-tempo-de-se-inscrever-para-o-reset-jundiai-que-acontece-na-terca-feira-8","status":"publish","type":"post","link":"https:\/\/tvtecjundiai.com.br\/news\/2022\/11\/04\/ainda-da-tempo-de-se-inscrever-para-o-reset-jundiai-que-acontece-na-terca-feira-8\/","title":{"rendered":"Ainda d\u00e1 tempo de se inscrever para o Reset Jundia\u00ed, que acontece na ter\u00e7a-feira (8)"},"content":{"rendered":"\n<p>Est\u00e1 chegando o dia da maior experi\u00eancia de tecnologias humanas, inova\u00e7\u00e3o e intelig\u00eancia emocional da Regi\u00e3o Metropolitana de Jundia\u00ed! O Reset Jundia\u00ed \u00e9 um evento gratuito que vai ajudar os participantes a descobrirem novas formas de recome\u00e7ar, reconectar, reconstruir, ressignificar e repensar a pr\u00f3pria vida, carreira e neg\u00f3cios. Para participar, basta acessar o&nbsp;<a href=\"https:\/\/docs.google.com\/forms\/d\/e\/1FAIpQLSfr4NagJFf7ywFDaPPgycghUuNuzVLdAbeZKfKjLYEOhlBHRQ\/viewform\">link de inscri\u00e7\u00e3o<\/a> e garantir sua entrada. <\/p>\n\n\n\n<p>O encontro, que \u00e9 uma iniciativa da Prefeitura de Jundia\u00ed, TVTEC Jundia\u00ed, Escola de Inova\u00e7\u00e3o, Coisas e Neg\u00f3cios, Rede de Inovadores e Campus Jundia\u00ed, acontece na pr\u00f3xima ter\u00e7a-feira (8), \u00e0s 19h, no Teatro Polytheama. Os ingressos ser\u00e3o entregues somente na bilheteria do teatro, no dia do evento, e s\u00f3 podem ser retirados mediante entrega do voucher do Reset. <strong>Os vouchers podem ser retirados nesta sexta-feira (4) e na segunda-feira (7), at\u00e9 as 17h, na TVTEC Jundia\u00ed, que fica no Complexo Argos.<\/strong> <\/p>\n\n\n\n<p>Totalmente inovador, o Reset Jundia\u00ed contar\u00e1 com quatro pain\u00e9is e quatro talks com temas diversificados e atuais, como empregabilidade, futuras profiss\u00f5es, marketing digital, inova\u00e7\u00e3o, vendas, empreendedorismo e diversidade, equidade e inclus\u00e3o. A proposta \u00e9 abordar estes assuntos com um novo olhar, que vai al\u00e9m do que as pessoas est\u00e3o acostumadas a ver.<\/p>\n\n\n\n<figure class=\"wp-block-gallery has-nested-images columns-default is-cropped wp-block-gallery-1 is-layout-flex wp-block-gallery-is-layout-flex\">\n<figure class=\"wp-block-image size-large\"><img loading=\"lazy\" decoding=\"async\" width=\"540\" height=\"960\" data-id=\"100480\" src=\"https:\/\/tvtecjundiai.com.br\/news\/wp-content\/uploads\/sites\/2\/2022\/11\/WhatsApp-Image-2022-11-04-at-13.45.20-540x960.jpeg\" alt=\"\" class=\"wp-image-100480\" srcset=\"https:\/\/tvtecjundiai.com.br\/news\/wp-content\/uploads\/sites\/2\/2022\/11\/WhatsApp-Image-2022-11-04-at-13.45.20-540x960.jpeg 540w, https:\/\/tvtecjundiai.com.br\/news\/wp-content\/uploads\/sites\/2\/2022\/11\/WhatsApp-Image-2022-11-04-at-13.45.20-281x500.jpeg 281w, https:\/\/tvtecjundiai.com.br\/news\/wp-content\/uploads\/sites\/2\/2022\/11\/WhatsApp-Image-2022-11-04-at-13.45.20.jpeg 576w\" sizes=\"auto, (max-width: 540px) 100vw, 540px\" \/><\/figure>\n\n\n\n<figure class=\"wp-block-image size-large\"><img loading=\"lazy\" decoding=\"async\" width=\"540\" height=\"960\" data-id=\"100481\" src=\"https:\/\/tvtecjundiai.com.br\/news\/wp-content\/uploads\/sites\/2\/2022\/11\/WhatsApp-Image-2022-11-04-at-13.44.56.jpeg\" alt=\"\" class=\"wp-image-100481\" srcset=\"https:\/\/tvtecjundiai.com.br\/news\/wp-content\/uploads\/sites\/2\/2022\/11\/WhatsApp-Image-2022-11-04-at-13.44.56.jpeg 540w, https:\/\/tvtecjundiai.com.br\/news\/wp-content\/uploads\/sites\/2\/2022\/11\/WhatsApp-Image-2022-11-04-at-13.44.56-281x500.jpeg 281w\" sizes=\"auto, (max-width: 540px) 100vw, 540px\" \/><\/figure>\n\n\n\n<figure class=\"wp-block-image size-large\"><img loading=\"lazy\" decoding=\"async\" width=\"540\" height=\"960\" data-id=\"100482\" src=\"https:\/\/tvtecjundiai.com.br\/news\/wp-content\/uploads\/sites\/2\/2022\/11\/WhatsApp-Image-2022-11-04-at-13.44.56-1.jpeg\" alt=\"\" class=\"wp-image-100482\" srcset=\"https:\/\/tvtecjundiai.com.br\/news\/wp-content\/uploads\/sites\/2\/2022\/11\/WhatsApp-Image-2022-11-04-at-13.44.56-1.jpeg 540w, https:\/\/tvtecjundiai.com.br\/news\/wp-content\/uploads\/sites\/2\/2022\/11\/WhatsApp-Image-2022-11-04-at-13.44.56-1-281x500.jpeg 281w\" sizes=\"auto, (max-width: 540px) 100vw, 540px\" \/><\/figure>\n<\/figure>\n\n\n\n<p><\/p>\n\n\n\n<p>Confira os palestrantes do evento:<\/p>\n\n\n\n<p><strong>Nathaly Bispo:<\/strong>&nbsp;Content Designer e UX Writer no Mercado Livre<\/p>\n\n\n\n<p><strong>Marco Ant\u00f4nio Bini:<\/strong>&nbsp;Estrategista de Neg\u00f3cios e Co-fundador da Nuckturp, empresa focada em RPG e Jogos de Tabuleiro<\/p>\n\n\n\n<p><strong>L\u00edgia Zotini:<\/strong>&nbsp;Pesquisadora de futuros e fundadora da Voicers, ecossistema digital de educa\u00e7\u00e3o<\/p>\n\n\n\n<p><strong>Silvana Carias:<\/strong>&nbsp;Head de Marketing da Escola do Mec\u00e2nico<\/p>\n\n\n\n<p><strong>Marcos Batista:&nbsp;<\/strong>Co-fundador na Sala do Empreendedor Digital e Aceleradora de PME e Diretor de Inova\u00e7\u00e3o do Centro Paula Souza&nbsp;<\/p>\n\n\n\n<p><strong>JP Polo:&nbsp;<\/strong>Consultor S\u00eanior de DE&amp;I da Tree, empresa de consultoria e educa\u00e7\u00e3o em Diversidade, Equidade e Inclus\u00e3o<\/p>\n\n\n\n<p><strong>Deborah Guterres:<\/strong>&nbsp;Facilitadora na Inclus\u00e3o digital para jovens e adultos da Prefeitura de Jundia\u00ed<\/p>\n\n\n\n<p><strong>Matheus Dantas:<\/strong>&nbsp;Creative Copywriter na Deezer<\/p>\n\n\n\n<p><strong>Camila Molena:<\/strong>&nbsp;Agente de Inova\u00e7\u00e3o INOVA Centro Paula Souza<\/p>\n\n\n\n<p><strong>Fred Machado:<\/strong>&nbsp;Especialista em lideran\u00e7a aut\u00eantica<\/p>\n\n\n\n<p><strong>M\u00f4nica Gropelo:<\/strong>&nbsp;Superintendente da FTVTEC<\/p>\n\n\n\n<p><strong>Anderson M\u00fcller:<\/strong>&nbsp;Diretor de Produ\u00e7\u00e3o Multim\u00eddia da TVTEC Jundia\u00ed e Coordenador de p\u00f3s-gradua\u00e7\u00e3o do Senac Campinas<\/p>\n\n\n<div class=\"wp-block-image\">\n<figure class=\"aligncenter size-full is-resized\"><img loading=\"lazy\" decoding=\"async\" src=\"https:\/\/tvtecjundiai.com.br\/news\/wp-content\/uploads\/sites\/2\/2022\/11\/WhatsApp-Image-2022-11-03-at-09.11.40.jpeg\" alt=\"\" class=\"wp-image-100399\" width=\"433\" height=\"432\" srcset=\"https:\/\/tvtecjundiai.com.br\/news\/wp-content\/uploads\/sites\/2\/2022\/11\/WhatsApp-Image-2022-11-03-at-09.11.40.jpeg 950w, https:\/\/tvtecjundiai.com.br\/news\/wp-content\/uploads\/sites\/2\/2022\/11\/WhatsApp-Image-2022-11-03-at-09.11.40-300x299.jpeg 300w, https:\/\/tvtecjundiai.com.br\/news\/wp-content\/uploads\/sites\/2\/2022\/11\/WhatsApp-Image-2022-11-03-at-09.11.40-100x100.jpeg 100w, https:\/\/tvtecjundiai.com.br\/news\/wp-content\/uploads\/sites\/2\/2022\/11\/WhatsApp-Image-2022-11-03-at-09.11.40-768x766.jpeg 768w\" sizes=\"auto, (max-width: 433px) 100vw, 433px\" \/><\/figure>\n<\/div>\n\n\n<p><strong><em>(Fonte\/Imagens: TVTEC Jundia\u00ed)<\/em><\/strong><\/p>\n","protected":false},"excerpt":{"rendered":"<p>Participantes do evento gratuito v\u00e3o descobrir como ressignificar e repensar a pr\u00f3pria vida, carreira e neg\u00f3cios<\/p>\n","protected":false},"author":30,"featured_media":100483,"comment_status":"closed","ping_status":"0","sticky":false,"template":"","format":"standard","meta":{"footnotes":""},"categories":[8362,8356,1,2835],"tags":[],"class_list":["post-100478","post","type-post","status-publish","format-standard","has-post-thumbnail","hentry","category-empreendedorismo","category-jundiai","category-noticias","category-tecnologia"],"_links":{"self":[{"href":"https:\/\/tvtecjundiai.com.br\/news\/wp-json\/wp\/v2\/posts\/100478","targetHints":{"allow":["GET"]}}],"collection":[{"href":"https:\/\/tvtecjundiai.com.br\/news\/wp-json\/wp\/v2\/posts"}],"about":[{"href":"https:\/\/tvtecjundiai.com.br\/news\/wp-json\/wp\/v2\/types\/post"}],"author":[{"embeddable":true,"href":"https:\/\/tvtecjundiai.com.br\/news\/wp-json\/wp\/v2\/users\/30"}],"replies":[{"embeddable":true,"href":"https:\/\/tvtecjundiai.com.br\/news\/wp-json\/wp\/v2\/comments?post=100478"}],"version-history":[{"count":3,"href":"https:\/\/tvtecjundiai.com.br\/news\/wp-json\/wp\/v2\/posts\/100478\/revisions"}],"predecessor-version":[{"id":100494,"href":"https:\/\/tvtecjundiai.com.br\/news\/wp-json\/wp\/v2\/posts\/100478\/revisions\/100494"}],"wp:featuredmedia":[{"embeddable":true,"href":"https:\/\/tvtecjundiai.com.br\/news\/wp-json\/wp\/v2\/media\/100483"}],"wp:attachment":[{"href":"https:\/\/tvtecjundiai.com.br\/news\/wp-json\/wp\/v2\/media?parent=100478"}],"wp:term":[{"taxonomy":"category","embeddable":true,"href":"https:\/\/tvtecjundiai.com.br\/news\/wp-json\/wp\/v2\/categories?post=100478"},{"taxonomy":"post_tag","embeddable":true,"href":"https:\/\/tvtecjundiai.com.br\/news\/wp-json\/wp\/v2\/tags?post=100478"}],"curies":[{"name":"wp","href":"https:\/\/api.w.org\/{rel}","templated":true}]}}