{"id":100499,"date":"2022-11-04T16:16:22","date_gmt":"2022-11-04T19:16:22","guid":{"rendered":"https:\/\/tvtecjundiai.com.br\/news\/?p=100499"},"modified":"2022-11-04T16:16:41","modified_gmt":"2022-11-04T19:16:41","slug":"jundiaishopping-inaugura-a-decoracao-de-natal-neste-sabado-05-com-atracoes-gratuitas","status":"publish","type":"post","link":"https:\/\/tvtecjundiai.com.br\/news\/2022\/11\/04\/jundiaishopping-inaugura-a-decoracao-de-natal-neste-sabado-05-com-atracoes-gratuitas\/","title":{"rendered":"Jundia\u00edShopping inaugura a decora\u00e7\u00e3o de Natal neste s\u00e1bado (05), com atra\u00e7\u00f5es gratuitas"},"content":{"rendered":"\n<p>A F\u00e1brica de Ursos chegou ao Jundia\u00edShopping! A produ\u00e7\u00e3o segue a todo vapor, apenas aguardando o bom velhinho para abrir oficialmente suas portas e dar in\u00edcio \u00e0s comemora\u00e7\u00f5es natalinas. O cen\u00e1rio inspirador traz elementos que prometem muita divers\u00e3o e magia na medida certa. O evento de inaugura\u00e7\u00e3o acontece neste s\u00e1bado, dia 05, com in\u00edcio \u00e0s 14h. Papai Noel chega ao shopping \u00e0s 16h e a decora\u00e7\u00e3o ser\u00e1 oficialmente aberta \u00e0s 17h30.<\/p>\n\n\n\n<p>E como j\u00e1 \u00e9 tradi\u00e7\u00e3o, os clientes ser\u00e3o recebidos com pipoca e brigadeiro. Enquanto aguardam a chegada do bom velhinho, os pequenos e suas fam\u00edlias poder\u00e3o se divertir em atividades como oficina de Natal (com confec\u00e7\u00e3o da tradicional cartinha para o Noel e de deliciosos cupcakes), pintura facial, caricatura, foto-lembran\u00e7a e grava\u00e7\u00e3o de v\u00eddeo 360\u00ba. Ainda ser\u00e1 poss\u00edvel tentar a sorte em uma m\u00e1quina de pr\u00eamios e, quem sabe, garantir um vale-compra de uma das lojas do Jundia\u00edShopping. Todas as atividades s\u00e3o gratuitas, sendo que para aproveitar a m\u00e1quina de pr\u00eamios, a cabine de foto e a grava\u00e7\u00e3o do v\u00eddeo 360\u00ba ser\u00e1 necess\u00e1rio resgate antecipado do cupom por meio do&nbsp;<em>superapp<\/em>&nbsp;Multi, dispon\u00edvel para download via Google Play e Apple Store. As demais atividades ter\u00e3o atendimento por ordem de chegada.<\/p>\n\n\n\n<p>Para completar, o j\u00e1 tradicional bondinho circular\u00e1 pela Avenida Nove de Julho convidando adultos e crian\u00e7as para um passeio inesquec\u00edvel. Sucesso desde 2013, a atra\u00e7\u00e3o fica&nbsp;dispon\u00edvel das 14h \u00e0s 19h30, com sa\u00eddas a cada 30 minutos. Com capacidade para 40 pessoas, o bonde tem ponto de partida e chegada em frente \u00e0 entrada principal do centro de compras. A atra\u00e7\u00e3o \u00e9 gratuita, com participa\u00e7\u00e3o por ordem de chegada.<\/p>\n\n\n\n<figure class=\"wp-block-image size-large\"><img loading=\"lazy\" decoding=\"async\" width=\"1200\" height=\"675\" src=\"https:\/\/tvtecjundiai.com.br\/news\/wp-content\/uploads\/sites\/2\/2022\/11\/Papai-Noel-JDS-1200x675.jpg\" alt=\"\" class=\"wp-image-100500\" srcset=\"https:\/\/tvtecjundiai.com.br\/news\/wp-content\/uploads\/sites\/2\/2022\/11\/Papai-Noel-JDS-1200x675.jpg 1200w, https:\/\/tvtecjundiai.com.br\/news\/wp-content\/uploads\/sites\/2\/2022\/11\/Papai-Noel-JDS-300x169.jpg 300w, https:\/\/tvtecjundiai.com.br\/news\/wp-content\/uploads\/sites\/2\/2022\/11\/Papai-Noel-JDS-768x432.jpg 768w, https:\/\/tvtecjundiai.com.br\/news\/wp-content\/uploads\/sites\/2\/2022\/11\/Papai-Noel-JDS.jpg 1280w\" sizes=\"auto, (max-width: 1200px) 100vw, 1200px\" \/><\/figure>\n\n\n\n<p>\u00c0s 16h, \u00e0s atividades dar\u00e3o uma pausa para receber o dono da festa: Papai Noel! O ritmo contagiante da Banda Paralela marca mais uma vez a inaugura\u00e7\u00e3o da decora\u00e7\u00e3o, levando o p\u00fablico para conhecer o espa\u00e7o e as surpresas preparadas para a data.&nbsp; Em uma parada inesquec\u00edvel, o bom velhinho chegar\u00e1 tamb\u00e9m acompanhado de alguns dos mais queridos \u2013 e animados \u2013 personagens infantis. Uma emocionante chuva de bal\u00f5es (ser\u00e3o mais de 2 mil!) encerrar\u00e1 a parada, abrindo oficialmente a temporada de Natal. O bom velhinho ficar\u00e1 dispon\u00edvel para fotos at\u00e9 \u00e0s 20h. Os pequenos poder\u00e3o tamb\u00e9m passear pela decora\u00e7\u00e3o a bordo de um trenzinho, sendo necess\u00e1rio o resgate do cupom gratuito pelo&nbsp;<em>superapp<\/em>&nbsp;Multi.<\/p>\n\n\n\n<p>Guillermo Bloj, superintendente do Jundia\u00edShopping, comenta que este \u00e9 um Natal ainda mais especial, j\u00e1 que marca o anivers\u00e1rio de 10 anos do empreendimento. \u201cEsse \u00e9 o nosso 11\u00ba Natal. Todos foram \u00fanicos, com decora\u00e7\u00f5es in\u00e9ditas, pensadas para encantar e surpreender em cada detalhe. E neste ano a festa \u00e9 ainda mais especial, j\u00e1 que desde outubro seguimos celebrando a primeira d\u00e9cada do shopping novo, que j\u00e1 conquistou o cora\u00e7\u00e3o dos jundiaienses\u201d, finaliza.<\/p>\n\n\n\n<p>Informa\u00e7\u00f5es:\u00a0<a rel=\"noreferrer noopener\" href=\"http:\/\/www.jundiaishopping.com.br\/\" target=\"_blank\">www.jundiaishopping.com.br<\/a><\/p>\n\n\n\n<p><strong><em>(Fonte\/Imagem: Prefeitura de Jundia\u00ed) <\/em><\/strong><\/p>\n","protected":false},"excerpt":{"rendered":"<p>O cen\u00e1rio inspirador traz elementos que prometem muita divers\u00e3o e magia na medida certa.<\/p>\n","protected":false},"author":27,"featured_media":100501,"comment_status":"closed","ping_status":"0","sticky":false,"template":"","format":"standard","meta":{"footnotes":""},"categories":[8356],"tags":[],"class_list":["post-100499","post","type-post","status-publish","format-standard","has-post-thumbnail","hentry","category-jundiai"],"_links":{"self":[{"href":"https:\/\/tvtecjundiai.com.br\/news\/wp-json\/wp\/v2\/posts\/100499","targetHints":{"allow":["GET"]}}],"collection":[{"href":"https:\/\/tvtecjundiai.com.br\/news\/wp-json\/wp\/v2\/posts"}],"about":[{"href":"https:\/\/tvtecjundiai.com.br\/news\/wp-json\/wp\/v2\/types\/post"}],"author":[{"embeddable":true,"href":"https:\/\/tvtecjundiai.com.br\/news\/wp-json\/wp\/v2\/users\/27"}],"replies":[{"embeddable":true,"href":"https:\/\/tvtecjundiai.com.br\/news\/wp-json\/wp\/v2\/comments?post=100499"}],"version-history":[{"count":1,"href":"https:\/\/tvtecjundiai.com.br\/news\/wp-json\/wp\/v2\/posts\/100499\/revisions"}],"predecessor-version":[{"id":100502,"href":"https:\/\/tvtecjundiai.com.br\/news\/wp-json\/wp\/v2\/posts\/100499\/revisions\/100502"}],"wp:featuredmedia":[{"embeddable":true,"href":"https:\/\/tvtecjundiai.com.br\/news\/wp-json\/wp\/v2\/media\/100501"}],"wp:attachment":[{"href":"https:\/\/tvtecjundiai.com.br\/news\/wp-json\/wp\/v2\/media?parent=100499"}],"wp:term":[{"taxonomy":"category","embeddable":true,"href":"https:\/\/tvtecjundiai.com.br\/news\/wp-json\/wp\/v2\/categories?post=100499"},{"taxonomy":"post_tag","embeddable":true,"href":"https:\/\/tvtecjundiai.com.br\/news\/wp-json\/wp\/v2\/tags?post=100499"}],"curies":[{"name":"wp","href":"https:\/\/api.w.org\/{rel}","templated":true}]}}