{"id":100548,"date":"2022-11-07T08:50:27","date_gmt":"2022-11-07T11:50:27","guid":{"rendered":"https:\/\/tvtecjundiai.com.br\/news\/?p=100548"},"modified":"2022-11-07T08:50:33","modified_gmt":"2022-11-07T11:50:33","slug":"feira-do-empreendedor-negocios-e-servicos-fens-abre-inscricoes-para-2023","status":"publish","type":"post","link":"https:\/\/tvtecjundiai.com.br\/news\/2022\/11\/07\/feira-do-empreendedor-negocios-e-servicos-fens-abre-inscricoes-para-2023\/","title":{"rendered":"Feira do Empreendedor, Neg\u00f3cios e Servi\u00e7os (FENS) abre inscri\u00e7\u00f5es para 2023"},"content":{"rendered":"\n<p>Depois do sucesso da FENS \u2013 Feira do Empreendedor, Neg\u00f3cios e Servi\u00e7os em agosto de 2022, promovida pela Unidade de Gest\u00e3o de Desenvolvimento Econ\u00f4mico, Ci\u00eancia e Tecnologia (UGDECT), da Prefeitura de Jundia\u00ed, a segunda edi\u00e7\u00e3o est\u00e1 garantida para 2023 e vai acontecer em mar\u00e7o. As inscri\u00e7\u00f5es j\u00e1 est\u00e3o abertas.<\/p>\n\n\n\n<p><strong><a href=\"https:\/\/docs.google.com\/forms\/d\/e\/1FAIpQLSd4ZljMK-IK0GPA8lCdJkHiDpKmhzRd48X6s3h6VaG--g70Tg\/viewform\">CLIQUE AQUI<\/a><\/strong><\/p>\n\n\n\n<p>Os empreendedores de Jundia\u00ed ter\u00e3o a oportunidade de expor e comercializar seus neg\u00f3cios, produtos e servi\u00e7os, al\u00e9m de potencializar seu networking em mar\u00e7o de 2023 durante dois finais de semana, de forma gratuita.<\/p>\n\n\n\n<p>A 2\u00aa FENS \u2013 Feira do Empreendedor, Neg\u00f3cios e Servi\u00e7os acontecer\u00e1 em dois finais de semana \u2013 nos dias 03 de mar\u00e7o, 04 de mar\u00e7o e 05 de mar\u00e7o (09 \u00e0s 18 horas) e 10 de mar\u00e7o, 11 de mar\u00e7o e 12 de mar\u00e7o de 2023 \u2013 no Parque Comendador Antonio Carbonari \u2013 Parque da Uva, com empresas diferentes.<\/p>\n\n\n\n<figure class=\"wp-block-image\"><img decoding=\"async\" src=\"https:\/\/jundiai.sp.gov.br\/noticias\/wp-content\/uploads\/sites\/32\/2022\/11\/52267973910_5a27e55a3c_k.jpg\" alt=\"\" class=\"wp-image-304816\" \/><figcaption>FENS acontecer\u00e1 no parque da Uva no m\u00eas de mar\u00e7o<\/figcaption><\/figure>\n\n\n\n<p><strong>Incri\u00e7\u00e3o<\/strong><\/p>\n\n\n\n<p>Os interessados poder\u00e3o efetuar suas pr\u00e9-inscri\u00e7\u00f5es, somente via formul\u00e1rio do Google Forms, pelo&nbsp;<strong><a href=\"https:\/\/docs.google.com\/forms\/d\/e\/1FAIpQLSd4ZljMK-IK0GPA8lCdJkHiDpKmhzRd48X6s3h6VaG--g70Tg\/viewform\">link:<\/a><\/strong>&nbsp;no per\u00edodo de 04 de novembro de 2022 a 02 de dezembro de 2022, dispon\u00edvel tamb\u00e9m no site Jundia\u00ed Empreendedora (<a rel=\"noreferrer noopener\" href=\"http:\/\/www.negocios.jundiai.sp.gov.br\/\" target=\"_blank\">www.negocios.jundiai.sp.gov.br<\/a>).<\/p>\n\n\n\n<p>Poder\u00e1 participar da Feira, qualquer interessado, pessoa jur\u00eddica, nas modalidades Microempreendedor Individual (MEI), Micro Empresa (ME) e Empresa de Pequeno Porte (EPP). Confira as regras no&nbsp;<strong><a href=\"https:\/\/imprensaoficial.jundiai.sp.gov.br\/edicao-5172\/\">edital<\/a><\/strong>.<\/p>\n\n\n\n<p>Para o prefeito Luiz Fernando Machado, a FENS valoriza o empreendedor local e fomenta a gera\u00e7\u00e3o de renda e neg\u00f3cios.&nbsp; \u201cA FENS possibilita n\u00e3o apenas a divulga\u00e7\u00e3o do trabalho dos empreendedores, como tamb\u00e9m a integra\u00e7\u00e3o entre elas. Continuaremos trabalhando para fortalecer o com\u00e9rcio local e a segunda edi\u00e7\u00e3o da FENS \u00e9 uma prova disso\u201d, comenta.<\/p>\n\n\n\n<p>O gestor de Desenvolvimento Econ\u00f4mico, Ci\u00eancia e Tecnologia, Cristiano Lopes, potencializa e d\u00e1 visibilidade aos empreendedores do munic\u00edpio. \u201cA primeira edi\u00e7\u00e3o foi um sucesso e a FENS veio para ficar em Jundia\u00ed. O sucesso foi t\u00e3o grande, que vamos aumentar o n\u00famero de finais de semana para dar a oportunidade para mais empreendedores mostrarem seu trabalho.&nbsp;O trabalho para incentivar a cultura do empreendedorismo e construir um ambiente de gera\u00e7\u00e3o de neg\u00f3cios&nbsp;\u00e9 cont\u00ednuo.<\/p>\n\n\n\n<p>O gestor de Governo e Finan\u00e7as, Jos\u00e9 Antonio Parimoschi, \u00a0lembra que um dos eixos do Programa de Governo \u00e9 o est\u00edmulo \u00e0 economia local, al\u00e9m de atrair novas empresas e neg\u00f3cios para Jundia\u00ed. \u201cO Poder P\u00fablico \u00e9 parceiro dos empreendedores, queremos andar juntos com eles, dando o suporte que precisam para prosperarem. Trabalhamos para fomentar novos neg\u00f3cios e desburocratizar os processos para os empres\u00e1rios. Temos a miss\u00e3o de promover e alavancar a economia, al\u00e9m de gerar novas oportunidades, focando na qualidade de vida da popula\u00e7\u00e3o\u201d, salientou.<\/p>\n\n\n\n<p><em><strong>(Fonte\/imagem: Prefeitura de Jundia\u00ed)<\/strong><\/em><\/p>\n","protected":false},"excerpt":{"rendered":"<p>Os empreendedores de Jundia\u00ed ter\u00e3o a oportunidade de expor e comercializar seus neg\u00f3cios, produtos e servi\u00e7os.<\/p>\n","protected":false},"author":27,"featured_media":100549,"comment_status":"closed","ping_status":"0","sticky":false,"template":"","format":"standard","meta":{"footnotes":""},"categories":[8356],"tags":[],"class_list":["post-100548","post","type-post","status-publish","format-standard","has-post-thumbnail","hentry","category-jundiai"],"_links":{"self":[{"href":"https:\/\/tvtecjundiai.com.br\/news\/wp-json\/wp\/v2\/posts\/100548","targetHints":{"allow":["GET"]}}],"collection":[{"href":"https:\/\/tvtecjundiai.com.br\/news\/wp-json\/wp\/v2\/posts"}],"about":[{"href":"https:\/\/tvtecjundiai.com.br\/news\/wp-json\/wp\/v2\/types\/post"}],"author":[{"embeddable":true,"href":"https:\/\/tvtecjundiai.com.br\/news\/wp-json\/wp\/v2\/users\/27"}],"replies":[{"embeddable":true,"href":"https:\/\/tvtecjundiai.com.br\/news\/wp-json\/wp\/v2\/comments?post=100548"}],"version-history":[{"count":1,"href":"https:\/\/tvtecjundiai.com.br\/news\/wp-json\/wp\/v2\/posts\/100548\/revisions"}],"predecessor-version":[{"id":100550,"href":"https:\/\/tvtecjundiai.com.br\/news\/wp-json\/wp\/v2\/posts\/100548\/revisions\/100550"}],"wp:featuredmedia":[{"embeddable":true,"href":"https:\/\/tvtecjundiai.com.br\/news\/wp-json\/wp\/v2\/media\/100549"}],"wp:attachment":[{"href":"https:\/\/tvtecjundiai.com.br\/news\/wp-json\/wp\/v2\/media?parent=100548"}],"wp:term":[{"taxonomy":"category","embeddable":true,"href":"https:\/\/tvtecjundiai.com.br\/news\/wp-json\/wp\/v2\/categories?post=100548"},{"taxonomy":"post_tag","embeddable":true,"href":"https:\/\/tvtecjundiai.com.br\/news\/wp-json\/wp\/v2\/tags?post=100548"}],"curies":[{"name":"wp","href":"https:\/\/api.w.org\/{rel}","templated":true}]}}