{"id":100564,"date":"2022-11-07T11:59:57","date_gmt":"2022-11-07T14:59:57","guid":{"rendered":"https:\/\/tvtecjundiai.com.br\/news\/?p=100564"},"modified":"2022-11-07T12:00:00","modified_gmt":"2022-11-07T15:00:00","slug":"paralisia-infantil-vacina-e-disponibilizada-em-todas-as-ubss","status":"publish","type":"post","link":"https:\/\/tvtecjundiai.com.br\/news\/2022\/11\/07\/paralisia-infantil-vacina-e-disponibilizada-em-todas-as-ubss\/","title":{"rendered":"Paralisia infantil: vacina \u00e9 disponibilizada em todas as UBSs"},"content":{"rendered":"\n<p>Jundia\u00ed disponibiliza em todas as Unidades B\u00e1sicas de Sa\u00fade (UBSs) a vacina contra paralisia infantil \u2013 \u00fanico caminho para manter a prote\u00e7\u00e3o das crian\u00e7as contra a Poliomielite, doen\u00e7a erradicada no Pa\u00eds e com risco de voltar. A aplica\u00e7\u00e3o ocorre durante o hor\u00e1rio das salas de vacina\u00e7\u00e3o.<br><br>O Calend\u00e1rio Nacional de Imuniza\u00e7\u00e3o do Minist\u00e9rio da Sa\u00fade preconiza que, aos dois, quatro e seis meses, a popula\u00e7\u00e3o infantil receba tr\u00eas doses da vacina injet\u00e1vel \u2013 VIP. Aos 15 meses e aos 4 anos, mais duas doses de refor\u00e7o com a vacina oral bivalente \u2013 VOP (gotinha). No Munic\u00edpio, segundo balan\u00e7o da Vigil\u00e2ncia Epidemiol\u00f3gica (VE), a cobertura vacinal de rotina contra P\u00f3lio \u00e9 de 78,9% em menores de um ano e de 75% em crian\u00e7as com um ano. O ideal \u00e9 que 95% da popula\u00e7\u00e3o alvo, composta por 4.346. crian\u00e7as, sejam vacinadas.<\/p>\n\n\n\n<figure class=\"wp-block-image\"><img decoding=\"async\" src=\"https:\/\/jundiai.sp.gov.br\/noticias\/wp-content\/uploads\/sites\/32\/2022\/11\/vacinacao_ubs_hortolandia-18.jpg\" alt=\"\" class=\"wp-image-304961\" \/><figcaption>\u00c9 importante que os pais levem os filhos. O v\u00edrus da P\u00f3lio continua circulando<\/figcaption><\/figure>\n\n\n\n<p>\u201cO v\u00edrus continua circulando. A doen\u00e7a voltou em pa\u00edses como os Estados Unidos e Israel. A vacina \u00e9 segura e eficaz na preven\u00e7\u00e3o. \u00c9 importante que os pais ou respons\u00e1veis procurem as UBSs para que as crian\u00e7as recebam as doses da rotina, mantendo atualizada a carteirinha de vacina\u00e7\u00e3o. \u00c9 preciso conscientiza\u00e7\u00e3o, esfor\u00e7o coletivo, para n\u00e3o assistirmos a volta dos casos\u201d, alerta a coordenadora da Vigil\u00e2ncia Epidemiol\u00f3gica, Maria do Carmo Possidente.<br><br>A paralisia infantil \u00e9 uma doen\u00e7a contagiosa aguda causada por um v\u00edrus que vive no intestino, o poliov\u00edrus, e que pode infectar crian\u00e7as e adultos por meio do contato direto com fezes e secre\u00e7\u00f5es eliminadas pela boca de pacientes. Nos casos graves, em que acontecem as paralisias musculares, os membros inferiores s\u00e3o os mais atingidos. O Brasil n\u00e3o detecta casos de Poliomielite desde 1990. Em 1994, o Pa\u00eds recebeu da Organiza\u00e7\u00e3o Pan-Americana da Sa\u00fade (Opas) a certifica\u00e7\u00e3o de \u00e1rea livre da doen\u00e7a e vem envidando esfor\u00e7os para alcan\u00e7ar a meta dos indicadores.<br><br>A Campanha Nacional de refor\u00e7o voltada para crian\u00e7as de 1 a 4 anos, encerrada no dia 31 de outubro e desencadeada no dia 8 de agosto, alcan\u00e7ou no Brasil apenas 72,57% do p\u00fablico-alvo. No Estado, o \u00edndice chegou a 69,35%. Em Jundia\u00ed, 15.658 crian\u00e7as foram vacinadas, o que representa 74,68%% das 20.967 que estavam aptas a tomar a vacina.<br><br><strong>Demais vacinas<\/strong><br>Tamb\u00e9m est\u00e3o dispon\u00edveis nas UBSs as demais vacinas previstas no Calend\u00e1rio Nacional de Vacina\u00e7\u00e3o, para crian\u00e7as, adolescentes e adultos, al\u00e9m de todas as doses contra Covid-19 e a vacina contra Influenza para pessoas a partir de 6 meses. Junto com um documento de identidade, \u00e9 importante apresentar a caderneta de vacina\u00e7\u00e3o. No caso da imuniza\u00e7\u00e3o contra Covid-19, quem n\u00e3o estiver com o comprovante, pode informar no momento e ser\u00e1 emitido outro imediatamente.<br><br><a href=\"https:\/\/jundiai.sp.gov.br\/saude\/rede-de-atendimento\/rede-completa-de-atendimento\/\">CONFIRA O ENDERE\u00c7O DAS UBSs<\/a><br><br><strong><em>(Fonte\/Imagem: Prefeitura de Jundia\u00ed)<\/em><\/strong><\/p>\n","protected":false},"excerpt":{"rendered":"<p>A paralisia infantil \u00e9 uma doen\u00e7a contagiosa aguda causada por um v\u00edrus que vive no intestino.<\/p>\n","protected":false},"author":27,"featured_media":100567,"comment_status":"closed","ping_status":"0","sticky":false,"template":"","format":"standard","meta":{"footnotes":""},"categories":[8356,8355],"tags":[],"class_list":["post-100564","post","type-post","status-publish","format-standard","has-post-thumbnail","hentry","category-jundiai","category-saude-3"],"_links":{"self":[{"href":"https:\/\/tvtecjundiai.com.br\/news\/wp-json\/wp\/v2\/posts\/100564","targetHints":{"allow":["GET"]}}],"collection":[{"href":"https:\/\/tvtecjundiai.com.br\/news\/wp-json\/wp\/v2\/posts"}],"about":[{"href":"https:\/\/tvtecjundiai.com.br\/news\/wp-json\/wp\/v2\/types\/post"}],"author":[{"embeddable":true,"href":"https:\/\/tvtecjundiai.com.br\/news\/wp-json\/wp\/v2\/users\/27"}],"replies":[{"embeddable":true,"href":"https:\/\/tvtecjundiai.com.br\/news\/wp-json\/wp\/v2\/comments?post=100564"}],"version-history":[{"count":1,"href":"https:\/\/tvtecjundiai.com.br\/news\/wp-json\/wp\/v2\/posts\/100564\/revisions"}],"predecessor-version":[{"id":100569,"href":"https:\/\/tvtecjundiai.com.br\/news\/wp-json\/wp\/v2\/posts\/100564\/revisions\/100569"}],"wp:featuredmedia":[{"embeddable":true,"href":"https:\/\/tvtecjundiai.com.br\/news\/wp-json\/wp\/v2\/media\/100567"}],"wp:attachment":[{"href":"https:\/\/tvtecjundiai.com.br\/news\/wp-json\/wp\/v2\/media?parent=100564"}],"wp:term":[{"taxonomy":"category","embeddable":true,"href":"https:\/\/tvtecjundiai.com.br\/news\/wp-json\/wp\/v2\/categories?post=100564"},{"taxonomy":"post_tag","embeddable":true,"href":"https:\/\/tvtecjundiai.com.br\/news\/wp-json\/wp\/v2\/tags?post=100564"}],"curies":[{"name":"wp","href":"https:\/\/api.w.org\/{rel}","templated":true}]}}