{"id":100565,"date":"2022-11-07T11:59:34","date_gmt":"2022-11-07T14:59:34","guid":{"rendered":"https:\/\/tvtecjundiai.com.br\/news\/?p=100565"},"modified":"2022-11-07T11:59:41","modified_gmt":"2022-11-07T14:59:41","slug":"inscricoes-para-concurso-de-videos-de-brincadeiras-sao-prorrogadas","status":"publish","type":"post","link":"https:\/\/tvtecjundiai.com.br\/news\/2022\/11\/07\/inscricoes-para-concurso-de-videos-de-brincadeiras-sao-prorrogadas\/","title":{"rendered":"Inscri\u00e7\u00f5es para concurso de v\u00eddeos de brincadeiras s\u00e3o prorrogadas"},"content":{"rendered":"\n<p>A Unidade de Gest\u00e3o de Educa\u00e7\u00e3o (UGE) prorrogou at\u00e9 o dia 11 de novembro as inscri\u00e7\u00f5es para o <strong>Concurso Brinc@r.com: o que as crian\u00e7as narram sobre suas brincadeiras na cidade.<\/strong> In\u00e9dita em Jundia\u00ed, a iniciativa \u00e9 voltada para crian\u00e7as de 7 a 12 anos, que estudam em escolas municipais e gostam de produzir v\u00eddeos e de brincar nos parques, pra\u00e7as ou nas ruas perto de suas casas. A inscri\u00e7\u00e3o deve ser feita no\u00a0<a href=\"https:\/\/forms.gle\/uUjnqtaAtDiQR8sP6\">link<\/a>.<\/p>\n\n\n\n<p>O concurso \u00e9 realizado pelo Centro Internacional de Estudos, Mem\u00f3rias e Pesquisas da Inf\u00e2ncia (CIEMPI), vinculado \u00e0 UGE, e conta com a parceria do Conselho Municipal dos Direitos da Crian\u00e7a e do Adolescente (CMDCA).<\/p>\n\n\n\n<p>Al\u00e9m de incentivar as crian\u00e7as a brincarem ao ar livre e em espa\u00e7os p\u00fablicos do Munic\u00edpio, o objetivo \u00e9 estimul\u00e1-las a utilizar de forma saud\u00e1vel e racional as telas e ferramentas digitais para mostrar possibilidades de brincadeiras. Os v\u00eddeos podem ter at\u00e9 um minuto de dura\u00e7\u00e3o e a participa\u00e7\u00e3o de uma a tr\u00eas crian\u00e7as, desde que uma delas esteja matriculada em escola da rede municipal (EMEB). As produ\u00e7\u00f5es concorrer\u00e3o em duas categorias: Melhor qualidade t\u00e9cnica (uso de recursos de edi\u00e7\u00e3o) e melhor brincadeira (criatividade).<\/p>\n\n\n\n<figure class=\"wp-block-image size-large\"><img loading=\"lazy\" decoding=\"async\" width=\"1200\" height=\"800\" src=\"https:\/\/tvtecjundiai.com.br\/news\/wp-content\/uploads\/sites\/2\/2022\/11\/ruas_de_brincar_emeb_judith-98-1-1200x800.jpg\" alt=\"\" class=\"wp-image-100566\" srcset=\"https:\/\/tvtecjundiai.com.br\/news\/wp-content\/uploads\/sites\/2\/2022\/11\/ruas_de_brincar_emeb_judith-98-1-1200x800.jpg 1200w, https:\/\/tvtecjundiai.com.br\/news\/wp-content\/uploads\/sites\/2\/2022\/11\/ruas_de_brincar_emeb_judith-98-1-300x200.jpg 300w, https:\/\/tvtecjundiai.com.br\/news\/wp-content\/uploads\/sites\/2\/2022\/11\/ruas_de_brincar_emeb_judith-98-1-768x512.jpg 768w, https:\/\/tvtecjundiai.com.br\/news\/wp-content\/uploads\/sites\/2\/2022\/11\/ruas_de_brincar_emeb_judith-98-1.jpg 1280w\" sizes=\"auto, (max-width: 1200px) 100vw, 1200px\" \/><figcaption>As produ\u00e7\u00f5es das crian\u00e7as concorrer\u00e3o em duas categorias<\/figcaption><\/figure>\n\n\n\n<p>A premia\u00e7\u00e3o ser\u00e1 na primeira semana de dezembro. Todos os finalistas receber\u00e3o medalhas e os vencedores ser\u00e3o contemplados com trof\u00e9us e ingressos para um dia especial em um espa\u00e7o de lazer, com direito a alimenta\u00e7\u00e3o e acompanhante.<\/p>\n\n\n\n<p>Os v\u00eddeos enviados far\u00e3o parte do acervo do CIEMPI e poder\u00e3o ser divulgados em redes sociais e nos sites da institui\u00e7\u00e3o e da Prefeitura. O edital completo est\u00e1 dispon\u00edvel na Imprensa Oficial do dia 12 de agosto.<\/p>\n\n\n\n<p><strong><em>(Fonte\/Imagem: Prefeitura de Jundia\u00ed)<\/em><\/strong><\/p>\n","protected":false},"excerpt":{"rendered":"<p>Iniciativa \u00e9 voltada para crian\u00e7as de 7 a 12 anos que estudam em escolas municipais<\/p>\n","protected":false},"author":30,"featured_media":100566,"comment_status":"closed","ping_status":"0","sticky":false,"template":"","format":"standard","meta":{"footnotes":""},"categories":[2828,8356,8354,1],"tags":[],"class_list":["post-100565","post","type-post","status-publish","format-standard","has-post-thumbnail","hentry","category-educacao","category-jundiai","category-lazer","category-noticias"],"_links":{"self":[{"href":"https:\/\/tvtecjundiai.com.br\/news\/wp-json\/wp\/v2\/posts\/100565","targetHints":{"allow":["GET"]}}],"collection":[{"href":"https:\/\/tvtecjundiai.com.br\/news\/wp-json\/wp\/v2\/posts"}],"about":[{"href":"https:\/\/tvtecjundiai.com.br\/news\/wp-json\/wp\/v2\/types\/post"}],"author":[{"embeddable":true,"href":"https:\/\/tvtecjundiai.com.br\/news\/wp-json\/wp\/v2\/users\/30"}],"replies":[{"embeddable":true,"href":"https:\/\/tvtecjundiai.com.br\/news\/wp-json\/wp\/v2\/comments?post=100565"}],"version-history":[{"count":1,"href":"https:\/\/tvtecjundiai.com.br\/news\/wp-json\/wp\/v2\/posts\/100565\/revisions"}],"predecessor-version":[{"id":100568,"href":"https:\/\/tvtecjundiai.com.br\/news\/wp-json\/wp\/v2\/posts\/100565\/revisions\/100568"}],"wp:featuredmedia":[{"embeddable":true,"href":"https:\/\/tvtecjundiai.com.br\/news\/wp-json\/wp\/v2\/media\/100566"}],"wp:attachment":[{"href":"https:\/\/tvtecjundiai.com.br\/news\/wp-json\/wp\/v2\/media?parent=100565"}],"wp:term":[{"taxonomy":"category","embeddable":true,"href":"https:\/\/tvtecjundiai.com.br\/news\/wp-json\/wp\/v2\/categories?post=100565"},{"taxonomy":"post_tag","embeddable":true,"href":"https:\/\/tvtecjundiai.com.br\/news\/wp-json\/wp\/v2\/tags?post=100565"}],"curies":[{"name":"wp","href":"https:\/\/api.w.org\/{rel}","templated":true}]}}