{"id":100587,"date":"2022-11-07T14:14:45","date_gmt":"2022-11-07T17:14:45","guid":{"rendered":"https:\/\/tvtecjundiai.com.br\/news\/?p=100587"},"modified":"2022-11-08T10:12:29","modified_gmt":"2022-11-08T13:12:29","slug":"veja-a-lista-de-convocados-da-selecao-para-a-copa-do-mundo-2022","status":"publish","type":"post","link":"https:\/\/tvtecjundiai.com.br\/news\/2022\/11\/07\/veja-a-lista-de-convocados-da-selecao-para-a-copa-do-mundo-2022\/","title":{"rendered":"Veja a lista de convocados da Sele\u00e7\u00e3o para a Copa do Mundo 2022"},"content":{"rendered":"\n<p>O t\u00e9cnico Tite anunciou nesta segunda-feira (7), na sede da CBF, no Rio de Janeiro, os 26 jogadores que v\u00e3o defender a sele\u00e7\u00e3o brasileira na Copa do Mundo de 2022. A grande surpresa foi a presen\u00e7a do lateral-direito Daniel Alves, que est\u00e1 no Pumas, do M\u00e9xico.<\/p>\n\n\n\n<p>O defensor, de 39 anos, havia ficado fora da convoca\u00e7\u00e3o para os amistosos contra Gana e Tun\u00edsia, os \u00faltimos antes da Copa.<\/p>\n\n\n\n<p>&#8220;O crit\u00e9rio do Daniel Alves premia qualidade t\u00e9cnica individual, aspecto f\u00edsico e mental&#8221;, disse Tite.<\/p>\n\n\n<div class=\"wp-block-image\">\n<figure class=\"aligncenter size-full is-resized\"><img loading=\"lazy\" decoding=\"async\" src=\"https:\/\/tvtecjundiai.com.br\/news\/wp-content\/uploads\/sites\/2\/2022\/11\/copa-do-mundo-brasil-cbf-2022.jpg\" alt=\"\" class=\"wp-image-100588\" width=\"751\" height=\"449\" srcset=\"https:\/\/tvtecjundiai.com.br\/news\/wp-content\/uploads\/sites\/2\/2022\/11\/copa-do-mundo-brasil-cbf-2022.jpg 1170w, https:\/\/tvtecjundiai.com.br\/news\/wp-content\/uploads\/sites\/2\/2022\/11\/copa-do-mundo-brasil-cbf-2022-300x179.jpg 300w, https:\/\/tvtecjundiai.com.br\/news\/wp-content\/uploads\/sites\/2\/2022\/11\/copa-do-mundo-brasil-cbf-2022-768x459.jpg 768w\" sizes=\"auto, (max-width: 751px) 100vw, 751px\" \/><figcaption>Foto: Lucas Figueiredo\/CBF<\/figcaption><\/figure>\n<\/div>\n\n\n<p><strong>Confira os convocados:<\/strong><\/p>\n\n\n\n<p><strong>Goleiros<br><\/strong>Alisson &#8211; Liverpool<br>Ederson &#8211; Manchester City<br>Weverton &#8211; Palmeiras<\/p>\n\n\n\n<p><strong>Laterais<br><\/strong>Danilo &#8211; Juventus<br>Alex Sandro &#8211; Juventus<br>Daniel Alves &#8211; Pumas<br>Alex Telles &#8211; Sevilla<\/p>\n\n\n\n<p><strong>Zagueiros<br><\/strong>Milit\u00e3o &#8211; Real Madrid<br>Marquinhos &#8211; PSG<br>Thiago Silva &#8211; Chelsea<br>Bremer &#8211; Juventus<\/p>\n\n\n\n<p><strong>Meio-campistas<br><\/strong>Bruno Guimar\u00e3es &#8211; Newcastle<br>Casemiro &#8211; Manchester United<br>Fabinho &#8211; Liverpool<br>Fred &#8211; Manchester United<br>Paquet\u00e1 &#8211; West Ham<br>Everton Ribeiro &#8211; Flamengo<\/p>\n\n\n\n<p><strong>Atacantes<br><\/strong>Neymar &#8211; PSG<br>Vinicius J\u00fanior &#8211; Real Madrid<br>Antony &#8211; Manchester United<br>Rodrygo &#8211; Real Madrid<br>Raphinha &#8211; Barcelona<br>Richarlison &#8211; Tottenham<br>Pedro &#8211; Flamengo<br>Gabriel Jesus &#8211; Arsenal<br>Gabriel Martinelli &#8211; Arsenal<\/p>\n\n\n\n<p>Outros dois jogadores que tamb\u00e9m n\u00e3o foram chamados para os jogos contra Gana e Tun\u00edsia e est\u00e3o na lista s\u00e3o os atacantes Gabriel Jesus e Gabriel Martinelli, ambos do Arsenal.<\/p>\n\n\n\n<p>&#8220;Tem sido um dos destaques do Arsenal na primeira coloca\u00e7\u00e3o da Premier League, um jogador do lance individual, da transi\u00e7\u00e3o em velocidade. Teve duas convoca\u00e7\u00f5es e se manteve em alto n\u00edvel. Poderiam ter outros convocados e existem argumentos para outros. S\u00e3o escolhas. Dentro das caracter\u00edsticas da equipe, do modelo, precisamos de jogadores agudos pelos lados. Assim a equipe se estruturou. \u00c9 o caso do Martinelli&#8221;, disse Tite.<\/p>\n\n\n\n<p><em><strong>(Fonte: ge\/Imagem: Lucas Figueiredo\/CBF)<\/strong><\/em><\/p>\n","protected":false},"excerpt":{"rendered":"<p>A grande surpresa foi a convoca\u00e7\u00e3o do lateral-direito Daniel Alves<\/p>\n","protected":false},"author":30,"featured_media":100588,"comment_status":"closed","ping_status":"0","sticky":false,"template":"","format":"standard","meta":{"footnotes":""},"categories":[29,2827,8356,1],"tags":[],"class_list":["post-100587","post","type-post","status-publish","format-standard","has-post-thumbnail","hentry","category-destaque","category-esportes-e-lazer","category-jundiai","category-noticias"],"_links":{"self":[{"href":"https:\/\/tvtecjundiai.com.br\/news\/wp-json\/wp\/v2\/posts\/100587","targetHints":{"allow":["GET"]}}],"collection":[{"href":"https:\/\/tvtecjundiai.com.br\/news\/wp-json\/wp\/v2\/posts"}],"about":[{"href":"https:\/\/tvtecjundiai.com.br\/news\/wp-json\/wp\/v2\/types\/post"}],"author":[{"embeddable":true,"href":"https:\/\/tvtecjundiai.com.br\/news\/wp-json\/wp\/v2\/users\/30"}],"replies":[{"embeddable":true,"href":"https:\/\/tvtecjundiai.com.br\/news\/wp-json\/wp\/v2\/comments?post=100587"}],"version-history":[{"count":1,"href":"https:\/\/tvtecjundiai.com.br\/news\/wp-json\/wp\/v2\/posts\/100587\/revisions"}],"predecessor-version":[{"id":100589,"href":"https:\/\/tvtecjundiai.com.br\/news\/wp-json\/wp\/v2\/posts\/100587\/revisions\/100589"}],"wp:featuredmedia":[{"embeddable":true,"href":"https:\/\/tvtecjundiai.com.br\/news\/wp-json\/wp\/v2\/media\/100588"}],"wp:attachment":[{"href":"https:\/\/tvtecjundiai.com.br\/news\/wp-json\/wp\/v2\/media?parent=100587"}],"wp:term":[{"taxonomy":"category","embeddable":true,"href":"https:\/\/tvtecjundiai.com.br\/news\/wp-json\/wp\/v2\/categories?post=100587"},{"taxonomy":"post_tag","embeddable":true,"href":"https:\/\/tvtecjundiai.com.br\/news\/wp-json\/wp\/v2\/tags?post=100587"}],"curies":[{"name":"wp","href":"https:\/\/api.w.org\/{rel}","templated":true}]}}