{"id":100590,"date":"2022-11-07T15:06:08","date_gmt":"2022-11-07T18:06:08","guid":{"rendered":"https:\/\/tvtecjundiai.com.br\/news\/?p=100590"},"modified":"2022-11-08T10:11:42","modified_gmt":"2022-11-08T13:11:42","slug":"vestibular-da-fatec-jundiai-esta-com-inscricoes-abertas","status":"publish","type":"post","link":"https:\/\/tvtecjundiai.com.br\/news\/2022\/11\/07\/vestibular-da-fatec-jundiai-esta-com-inscricoes-abertas\/","title":{"rendered":"Vestibular da Fatec Jundia\u00ed est\u00e1 com inscri\u00e7\u00f5es abertas"},"content":{"rendered":"\n<p>A&nbsp;<a href=\"http:\/\/www.fatecjd.edu.br\/portal\/\">Fatec Jundia\u00ed \u2013 Deputado Ary Fossen<\/a>&nbsp;est\u00e1 com as inscri\u00e7\u00f5es abertas at\u00e9 as 15h do&nbsp;<strong>dia 15 de dezembro<\/strong>&nbsp;para os interessados em ingressar no 1\u00b0 semestre de 2023. A taxa de inscri\u00e7\u00e3o custa R$ 91 e a prova presencial ser\u00e1 aplicada no dia 8 de janeiro de 2023, \u00e0s 13h.<\/p>\n\n\n\n<p>As inscri\u00e7\u00f5es podem ser feitas pelo site&nbsp;<a href=\"https:\/\/www.vestibularfatec.com.br\/home\/\">https:\/\/www.vestibularfatec.com.br\/home\/<\/a>.<\/p>\n\n\n<div class=\"wp-block-image\">\n<figure class=\"aligncenter size-full is-resized\"><img loading=\"lazy\" decoding=\"async\" src=\"https:\/\/tvtecjundiai.com.br\/news\/wp-content\/uploads\/sites\/2\/2022\/11\/fatec-jundiai-vagas-tvtec-768x433-1.jpg\" alt=\"\" class=\"wp-image-100592\" width=\"689\" height=\"388\" srcset=\"https:\/\/tvtecjundiai.com.br\/news\/wp-content\/uploads\/sites\/2\/2022\/11\/fatec-jundiai-vagas-tvtec-768x433-1.jpg 768w, https:\/\/tvtecjundiai.com.br\/news\/wp-content\/uploads\/sites\/2\/2022\/11\/fatec-jundiai-vagas-tvtec-768x433-1-300x169.jpg 300w\" sizes=\"auto, (max-width: 689px) 100vw, 689px\" \/><\/figure>\n<\/div>\n\n\n<p>Os cursos oferecidos na unidade s\u00e3o:<\/p>\n\n\n\n<ul class=\"wp-block-list\"><li>An\u00e1lise e Desenvolvimento de Sistemas \u2013 tarde<\/li><li>Defesa Cibern\u00e9tica \u2013 noite <\/li><li>Eventos \u2013 manh\u00e3<\/li><li>Gest\u00e3o Ambiental \u2013 tarde<\/li><li>Gest\u00e3o da Tecnologia da Informa\u00e7\u00e3o \u2013 noite<\/li><li>Gest\u00e3o de Log\u00edstica Integrada &#8211; manh\u00e3 e noite<\/li><li>Gest\u00e3o Empresarial \u2013 EaD<\/li><li>Sistemas Embarcados \u2013 manh\u00e3<\/li><\/ul>\n\n\n\n<p><em><strong>(Fonte: TVTEC Jundia\u00ed\/Imagem: Clotilde Rossetto)<\/strong><\/em><\/p>\n","protected":false},"excerpt":{"rendered":"<p>Taxa de inscri\u00e7\u00e3o custa R$ 91 e a prova ser\u00e1 aplicada no dia 15 de dezembro<\/p>\n","protected":false},"author":30,"featured_media":100592,"comment_status":"closed","ping_status":"0","sticky":false,"template":"","format":"standard","meta":{"footnotes":""},"categories":[29,2828,8356,1],"tags":[],"class_list":["post-100590","post","type-post","status-publish","format-standard","has-post-thumbnail","hentry","category-destaque","category-educacao","category-jundiai","category-noticias"],"_links":{"self":[{"href":"https:\/\/tvtecjundiai.com.br\/news\/wp-json\/wp\/v2\/posts\/100590","targetHints":{"allow":["GET"]}}],"collection":[{"href":"https:\/\/tvtecjundiai.com.br\/news\/wp-json\/wp\/v2\/posts"}],"about":[{"href":"https:\/\/tvtecjundiai.com.br\/news\/wp-json\/wp\/v2\/types\/post"}],"author":[{"embeddable":true,"href":"https:\/\/tvtecjundiai.com.br\/news\/wp-json\/wp\/v2\/users\/30"}],"replies":[{"embeddable":true,"href":"https:\/\/tvtecjundiai.com.br\/news\/wp-json\/wp\/v2\/comments?post=100590"}],"version-history":[{"count":4,"href":"https:\/\/tvtecjundiai.com.br\/news\/wp-json\/wp\/v2\/posts\/100590\/revisions"}],"predecessor-version":[{"id":100612,"href":"https:\/\/tvtecjundiai.com.br\/news\/wp-json\/wp\/v2\/posts\/100590\/revisions\/100612"}],"wp:featuredmedia":[{"embeddable":true,"href":"https:\/\/tvtecjundiai.com.br\/news\/wp-json\/wp\/v2\/media\/100592"}],"wp:attachment":[{"href":"https:\/\/tvtecjundiai.com.br\/news\/wp-json\/wp\/v2\/media?parent=100590"}],"wp:term":[{"taxonomy":"category","embeddable":true,"href":"https:\/\/tvtecjundiai.com.br\/news\/wp-json\/wp\/v2\/categories?post=100590"},{"taxonomy":"post_tag","embeddable":true,"href":"https:\/\/tvtecjundiai.com.br\/news\/wp-json\/wp\/v2\/tags?post=100590"}],"curies":[{"name":"wp","href":"https:\/\/api.w.org\/{rel}","templated":true}]}}