{"id":100603,"date":"2022-11-08T10:02:40","date_gmt":"2022-11-08T13:02:40","guid":{"rendered":"https:\/\/tvtecjundiai.com.br\/news\/?p=100603"},"modified":"2022-11-08T10:04:18","modified_gmt":"2022-11-08T13:04:18","slug":"chegou-o-dia-reset-jundiai-acontece-nesta-terca-feira-8","status":"publish","type":"post","link":"https:\/\/tvtecjundiai.com.br\/news\/2022\/11\/08\/chegou-o-dia-reset-jundiai-acontece-nesta-terca-feira-8\/","title":{"rendered":"Chegou o dia: Reset Jundia\u00ed acontece nesta ter\u00e7a-feira (8)"},"content":{"rendered":"\n<p>Chegou o dia da maior experi\u00eancia de tecnologias humanas, inova\u00e7\u00e3o e intelig\u00eancia emocional da Regi\u00e3o Metropolitana de Jundia\u00ed! O Reset Jundia\u00ed \u00e9 um evento gratuito que vai ajudar os participantes a descobrirem novas formas de recome\u00e7ar, reconectar, reconstruir, ressignificar e repensar a pr\u00f3pria vida, carreira e neg\u00f3cios. Para participar, basta acessar o <a href=\"https:\/\/docs.google.com\/forms\/d\/e\/1FAIpQLSfr4NagJFf7ywFDaPPgycghUuNuzVLdAbeZKfKjLYEOhlBHRQ\/viewform\" data-type=\"URL\" data-id=\"https:\/\/docs.google.com\/forms\/d\/e\/1FAIpQLSfr4NagJFf7ywFDaPPgycghUuNuzVLdAbeZKfKjLYEOhlBHRQ\/viewform\">link de inscri\u00e7\u00e3o<\/a> e garantir sua entrada.<\/p>\n\n\n\n<p>O encontro, que \u00e9 uma iniciativa da Prefeitura de Jundia\u00ed, TVTEC Jundia\u00ed, Escola de Inova\u00e7\u00e3o, Coisas e Neg\u00f3cios, Rede de Inovadores e Campus Jundia\u00ed, acontece nesta ter\u00e7a-feira (8), \u00e0s 19h, no Teatro Polytheama. <strong>Quem se inscreveu e n\u00e3o retirou o voucher na TVTEC nos \u00faltimos dias pode retirar o ingresso na bilheteria do Teatro Polytheama, a partir das 10h. Quem tem voucher, pode troc\u00e1-lo pelo ingresso a partir das 18h, uma hora antes do evento, na bilheteria do teatro.<\/strong><\/p>\n\n\n\n<p>Totalmente inovador, o Reset Jundia\u00ed contar\u00e1 com quatro pain\u00e9is e quatro talks com temas diversificados e atuais, como empregabilidade, futuras profiss\u00f5es, marketing digital, inova\u00e7\u00e3o, vendas, empreendedorismo e diversidade, equidade e inclus\u00e3o. A proposta \u00e9 abordar estes assuntos com um novo olhar, que vai al\u00e9m do que as pessoas est\u00e3o acostumadas a ver.<\/p>\n\n\n\n<p>Confira os palestrantes do evento:<\/p>\n\n\n\n<figure class=\"wp-block-image size-large\"><img loading=\"lazy\" decoding=\"async\" width=\"1200\" height=\"675\" src=\"https:\/\/tvtecjundiai.com.br\/news\/wp-content\/uploads\/sites\/2\/2022\/11\/capa_reset_sitev2-1200x675.png\" alt=\"\" class=\"wp-image-100604\" srcset=\"https:\/\/tvtecjundiai.com.br\/news\/wp-content\/uploads\/sites\/2\/2022\/11\/capa_reset_sitev2-1200x675.png 1200w, https:\/\/tvtecjundiai.com.br\/news\/wp-content\/uploads\/sites\/2\/2022\/11\/capa_reset_sitev2-300x169.png 300w, https:\/\/tvtecjundiai.com.br\/news\/wp-content\/uploads\/sites\/2\/2022\/11\/capa_reset_sitev2-768x432.png 768w, https:\/\/tvtecjundiai.com.br\/news\/wp-content\/uploads\/sites\/2\/2022\/11\/capa_reset_sitev2.png 1280w\" sizes=\"auto, (max-width: 1200px) 100vw, 1200px\" \/><\/figure>\n\n\n\n<p><strong>Nathaly Bispo:<\/strong>&nbsp;Content Designer e UX Writer no Mercado Livre<\/p>\n\n\n\n<p><strong>Marco Ant\u00f4nio Bini:<\/strong>&nbsp;Estrategista de Neg\u00f3cios e Co-fundador da Nuckturp, empresa focada em RPG e Jogos de Tabuleiro<\/p>\n\n\n\n<p><strong>L\u00edgia Zotini:<\/strong>&nbsp;Pesquisadora de futuros e fundadora da Voicers, ecossistema digital de educa\u00e7\u00e3o<\/p>\n\n\n\n<p><strong>Silvana Carias:<\/strong>&nbsp;Head de Marketing da Escola do Mec\u00e2nico<\/p>\n\n\n\n<p><strong>Marcos Batista:&nbsp;<\/strong>Co-fundador na Sala do Empreendedor Digital e Aceleradora de PME e Diretor de Inova\u00e7\u00e3o do Centro Paula Souza&nbsp;<\/p>\n\n\n\n<p><strong>JP Polo:&nbsp;<\/strong>Consultor S\u00eanior de DE&amp;I da Tree, empresa de consultoria e educa\u00e7\u00e3o em Diversidade, Equidade e Inclus\u00e3o<\/p>\n\n\n\n<p><strong>Deborah Guterres:<\/strong>&nbsp;Facilitadora na Inclus\u00e3o digital para jovens e adultos da Prefeitura de Jundia\u00ed<\/p>\n\n\n\n<p><strong>Matheus Dantas:<\/strong>&nbsp;Creative Copywriter na Deezer<\/p>\n\n\n\n<p><strong>Camila Molena:<\/strong>&nbsp;Agente de Inova\u00e7\u00e3o INOVA Centro Paula Souza<\/p>\n\n\n\n<p><strong>Fred Machado:<\/strong>&nbsp;Especialista em lideran\u00e7a aut\u00eantica<\/p>\n\n\n\n<p><strong>M\u00f4nica Gropelo:<\/strong>&nbsp;Superintendente da FTVTEC<\/p>\n\n\n\n<p><strong>Anderson M\u00fcller:<\/strong>&nbsp;Diretor de Produ\u00e7\u00e3o Multim\u00eddia da TVTEC Jundia\u00ed e Coordenador de p\u00f3s-gradua\u00e7\u00e3o do Senac Campinas<\/p>\n\n\n\n<p><strong><em>(Fonte\/Imagem: TVTEC Jundia\u00ed)<\/em><\/strong><\/p>\n","protected":false},"excerpt":{"rendered":"<p>Participantes v\u00e3o descobrir como repensar a pr\u00f3pria vida, carreira e neg\u00f3cios<\/p>\n","protected":false},"author":30,"featured_media":100483,"comment_status":"closed","ping_status":"0","sticky":false,"template":"","format":"standard","meta":{"footnotes":""},"categories":[29,8362,8356,1,2835],"tags":[],"class_list":["post-100603","post","type-post","status-publish","format-standard","has-post-thumbnail","hentry","category-destaque","category-empreendedorismo","category-jundiai","category-noticias","category-tecnologia"],"_links":{"self":[{"href":"https:\/\/tvtecjundiai.com.br\/news\/wp-json\/wp\/v2\/posts\/100603","targetHints":{"allow":["GET"]}}],"collection":[{"href":"https:\/\/tvtecjundiai.com.br\/news\/wp-json\/wp\/v2\/posts"}],"about":[{"href":"https:\/\/tvtecjundiai.com.br\/news\/wp-json\/wp\/v2\/types\/post"}],"author":[{"embeddable":true,"href":"https:\/\/tvtecjundiai.com.br\/news\/wp-json\/wp\/v2\/users\/30"}],"replies":[{"embeddable":true,"href":"https:\/\/tvtecjundiai.com.br\/news\/wp-json\/wp\/v2\/comments?post=100603"}],"version-history":[{"count":5,"href":"https:\/\/tvtecjundiai.com.br\/news\/wp-json\/wp\/v2\/posts\/100603\/revisions"}],"predecessor-version":[{"id":100609,"href":"https:\/\/tvtecjundiai.com.br\/news\/wp-json\/wp\/v2\/posts\/100603\/revisions\/100609"}],"wp:featuredmedia":[{"embeddable":true,"href":"https:\/\/tvtecjundiai.com.br\/news\/wp-json\/wp\/v2\/media\/100483"}],"wp:attachment":[{"href":"https:\/\/tvtecjundiai.com.br\/news\/wp-json\/wp\/v2\/media?parent=100603"}],"wp:term":[{"taxonomy":"category","embeddable":true,"href":"https:\/\/tvtecjundiai.com.br\/news\/wp-json\/wp\/v2\/categories?post=100603"},{"taxonomy":"post_tag","embeddable":true,"href":"https:\/\/tvtecjundiai.com.br\/news\/wp-json\/wp\/v2\/tags?post=100603"}],"curies":[{"name":"wp","href":"https:\/\/api.w.org\/{rel}","templated":true}]}}