{"id":100618,"date":"2022-11-08T11:06:56","date_gmt":"2022-11-08T14:06:56","guid":{"rendered":"https:\/\/tvtecjundiai.com.br\/news\/?p=100618"},"modified":"2022-11-08T11:07:04","modified_gmt":"2022-11-08T14:07:04","slug":"feira-dos-paises-chega-ao-maxi-shopping-jundiai-2","status":"publish","type":"post","link":"https:\/\/tvtecjundiai.com.br\/news\/2022\/11\/08\/feira-dos-paises-chega-ao-maxi-shopping-jundiai-2\/","title":{"rendered":"Feira dos Pa\u00edses chega ao Maxi Shopping Jundia\u00ed"},"content":{"rendered":"\n<p>At\u00e9 27 de novembro, o p\u00fablico de Jundia\u00ed e Regi\u00e3o poder\u00e1 ver de perto a cultura e trabalhos artesanais diferenciados dos quatro cantos do mundo. A Feira dos Pa\u00edses traz, para a Pra\u00e7a das Bandeiras do Maxi Shopping, cerca de 10 mil pe\u00e7as de alt\u00edssima qualidade, para que todos possam ter em casa trabalhos exclusivos do seu pa\u00eds favorito.<\/p>\n\n\n\n<p>As pe\u00e7as expostas possuem valores que v\u00e3o de R$ 5 a R$ 10 mil e a grande maioria foi produzida por fam\u00edlias e comunidades que vivem da arte que fabricam. O evento conta com a participa\u00e7\u00e3o de 10 pa\u00edses: Jap\u00e3o, Brasil, Egito, Paquist\u00e3o, Senegal, Peru, Equador, Tibet, Marrocos e \u00cdndia.<\/p>\n\n\n\n<p>Na Feira \u00e9 poss\u00edvel encontrar todo tipo de artesanato como pe\u00e7as de decora\u00e7\u00e3o, acess\u00f3rios, bijuterias, cer\u00e2micas, sand\u00e1lias, joias, m\u00f3veis, tecidos, colchas, almofadas, entre outros objetos. Al\u00e9m de ser uma \u00f3tima oportunidade para adquirir pe\u00e7as artesanais, o evento tamb\u00e9m proporciona um mergulho na cultura de cada pa\u00eds representado por seus artes\u00e3os locais. O objetivo \u00e9 valorizar o trabalho artesanal e estimular o interesse e a admira\u00e7\u00e3o dos visitantes em rela\u00e7\u00e3o aos costumes e a cultura dos pa\u00edses presentes.<\/p>\n\n\n<div class=\"wp-block-image\">\n<figure class=\"aligncenter size-large is-resized\"><img loading=\"lazy\" decoding=\"async\" src=\"https:\/\/tvtecjundiai.com.br\/news\/wp-content\/uploads\/sites\/2\/2022\/11\/Fotos-Materias-Site-3-1200x675.png\" alt=\"\" class=\"wp-image-100619\" width=\"705\" height=\"396\" srcset=\"https:\/\/tvtecjundiai.com.br\/news\/wp-content\/uploads\/sites\/2\/2022\/11\/Fotos-Materias-Site-3-1200x675.png 1200w, https:\/\/tvtecjundiai.com.br\/news\/wp-content\/uploads\/sites\/2\/2022\/11\/Fotos-Materias-Site-3-300x169.png 300w, https:\/\/tvtecjundiai.com.br\/news\/wp-content\/uploads\/sites\/2\/2022\/11\/Fotos-Materias-Site-3-768x432.png 768w, https:\/\/tvtecjundiai.com.br\/news\/wp-content\/uploads\/sites\/2\/2022\/11\/Fotos-Materias-Site-3.png 1280w\" sizes=\"auto, (max-width: 705px) 100vw, 705px\" \/><\/figure>\n<\/div>\n\n\n<p><strong>Destaques<\/strong><\/p>\n\n\n\n<p>O Peru exibe roupas t\u00edpicas em l\u00e3 de alpaca e lhama, al\u00e9m de cachec\u00f3is, espelhos decorativos, cer\u00e2micas que representam o dia a dia dos camponeses peruanos, pres\u00e9pios t\u00edpicos, mochilas, acess\u00f3rios e muitos outros objetos.<\/p>\n\n\n\n<p>J\u00e1 o Paquist\u00e3o vem com lindas pe\u00e7as decorativas, esculpidas em pedra alabastro, tapetes, e bel\u00edssimas sand\u00e1lias bordadas com cristal.<\/p>\n\n\n\n<p>A \u00cdndia apresenta acess\u00f3rios, colchas, m\u00f3veis em madeira teka, lindos objetos de decora\u00e7\u00e3o, todos produzidos artesanalmente. O Senegal exp\u00f5e uma infinidade de tecidos e roupas coloridas, al\u00e9m das m\u00e1scaras e esculturas. Vale a pena conferir.<\/p>\n\n\n\n<p><strong>Feira dos Pa\u00edses<br>Per\u00edodo:<\/strong> De 5 a 27 de novembro<br><strong>Dias e hor\u00e1rios:<\/strong> De segunda a s\u00e1bado, das 10h \u00e0s 22h; e domingos e feriados, das 13h \u00e0s 21h<br><strong>Local:<\/strong> Pra\u00e7a das Bandeiras do Maxi Shopping Jundia\u00ed<br><strong>Endere\u00e7o: <\/strong>Av. Ant\u00f4nio Frederico Ozanan, 6000 \u2013 Vila Rio Branco \u2013 Jundia\u00ed<br><strong>Entrada gratuita<br>Formas de pagamento:<\/strong> Os artes\u00e3os aceitam dinheiro, Pix e cart\u00f5es \u2013 d\u00e9bito, cr\u00e9dito e parcelamentos.<\/p>\n\n\n\n<p><em><strong>(Fonte\/Imagem: SG Assessoria em Comunica\u00e7\u00e3o)<\/strong><\/em><\/p>\n","protected":false},"excerpt":{"rendered":"<p>Objetivo \u00e9 valorizar o trabalho artesanal e estimular o interesse e a admira\u00e7\u00e3o dos visitantes <\/p>\n","protected":false},"author":30,"featured_media":100619,"comment_status":"closed","ping_status":"0","sticky":false,"template":"","format":"standard","meta":{"footnotes":""},"categories":[8356,8354,1],"tags":[],"class_list":["post-100618","post","type-post","status-publish","format-standard","has-post-thumbnail","hentry","category-jundiai","category-lazer","category-noticias"],"_links":{"self":[{"href":"https:\/\/tvtecjundiai.com.br\/news\/wp-json\/wp\/v2\/posts\/100618","targetHints":{"allow":["GET"]}}],"collection":[{"href":"https:\/\/tvtecjundiai.com.br\/news\/wp-json\/wp\/v2\/posts"}],"about":[{"href":"https:\/\/tvtecjundiai.com.br\/news\/wp-json\/wp\/v2\/types\/post"}],"author":[{"embeddable":true,"href":"https:\/\/tvtecjundiai.com.br\/news\/wp-json\/wp\/v2\/users\/30"}],"replies":[{"embeddable":true,"href":"https:\/\/tvtecjundiai.com.br\/news\/wp-json\/wp\/v2\/comments?post=100618"}],"version-history":[{"count":1,"href":"https:\/\/tvtecjundiai.com.br\/news\/wp-json\/wp\/v2\/posts\/100618\/revisions"}],"predecessor-version":[{"id":100620,"href":"https:\/\/tvtecjundiai.com.br\/news\/wp-json\/wp\/v2\/posts\/100618\/revisions\/100620"}],"wp:featuredmedia":[{"embeddable":true,"href":"https:\/\/tvtecjundiai.com.br\/news\/wp-json\/wp\/v2\/media\/100619"}],"wp:attachment":[{"href":"https:\/\/tvtecjundiai.com.br\/news\/wp-json\/wp\/v2\/media?parent=100618"}],"wp:term":[{"taxonomy":"category","embeddable":true,"href":"https:\/\/tvtecjundiai.com.br\/news\/wp-json\/wp\/v2\/categories?post=100618"},{"taxonomy":"post_tag","embeddable":true,"href":"https:\/\/tvtecjundiai.com.br\/news\/wp-json\/wp\/v2\/tags?post=100618"}],"curies":[{"name":"wp","href":"https:\/\/api.w.org\/{rel}","templated":true}]}}