{"id":100627,"date":"2022-11-08T11:58:13","date_gmt":"2022-11-08T14:58:13","guid":{"rendered":"https:\/\/tvtecjundiai.com.br\/news\/?p=100627"},"modified":"2022-11-08T12:01:02","modified_gmt":"2022-11-08T15:01:02","slug":"festa-da-uva-2023-tera-quatro-finais-de-semana","status":"publish","type":"post","link":"https:\/\/tvtecjundiai.com.br\/news\/2022\/11\/08\/festa-da-uva-2023-tera-quatro-finais-de-semana\/","title":{"rendered":"Festa da Uva 2023 ter\u00e1 quatro finais de semana"},"content":{"rendered":"\n<p>Se com tr\u00eas finais de semana a Festa da Uva de Jundia\u00ed movimenta R$ 18 milh\u00f5es em vendas no Parque Comendador Antonio Carbonari e atrai 200 mil pessoas de todo o Brasil, com um final de semana a mais a expectativa \u00e9 de aumento pr\u00f3ximo de 20% no movimento, o que reflete diretamente na economia da cidade. Em 2023, a&nbsp;<a href=\"https:\/\/festadauva.jundiai.sp.gov.br\/\" target=\"_blank\" rel=\"noreferrer noopener\">38\u00aa Festa da Uva e 9\u00aa ExpoVinhos<\/a>&nbsp;acontece entre os dias 12, 13, 14, 15, 20, 21, 22, 27, 28 e 29 de janeiro e 03, 04 e 05 de fevereiro.<\/p>\n\n\n\n<p>\u201cJundia\u00ed \u00e9 a Terra da Uva Niagara Rosada e bicampe\u00e3 como destino de Turismo Rural do Estado. A Festa da Uva \u00e9 importante pela divulga\u00e7\u00e3o do destino, fomenta a economia, gera renda que vai muito al\u00e9m dos produtores rurais, movimentando a economia em todos os aspectos, como o hoteleiro, a gastronomia, as ag\u00eancias receptivas e os guias de turismo locais\u201d, detalha o prefeito Luiz Fernando Machado.<\/p>\n\n\n\n<p>De acordo com dados do Departamento de Fomento ao Turismo da Unidade de Gest\u00e3o de Agroneg\u00f3cio, Abastecimento e Turismo (UGAAT), a Festa movimentou cerca de R$ 18 milh\u00f5es em vendas em sua \u00faltima edi\u00e7\u00e3o. Foram 170 expositores participantes, 200 atra\u00e7\u00f5es art\u00edsticas e mais de 200 mil visitantes registrados.<\/p>\n\n\n\n<p>\u201cA Festa da Uva \u00e9 uma das datas mais importantes do Agroneg\u00f3cio de Jundia\u00ed, uma vitrine da nossa produ\u00e7\u00e3o agr\u00edcola e do turismo rural em Jundia\u00ed. Todos est\u00e3o ansiosos para sua volta\u201d, comenta o gestor da Unidade de Gest\u00e3o de Agroneg\u00f3cio, Abastecimento e Turismo, Eduardo Alvarez.<\/p>\n\n\n\n<figure class=\"wp-block-image\"><img decoding=\"async\" src=\"https:\/\/jundiai.sp.gov.br\/noticias\/wp-content\/uploads\/sites\/32\/2022\/11\/festa_da_uva-2.jpg\" alt=\"\" class=\"wp-image-305053\" \/><figcaption>Com a novidade, a Festa antecipa seu in\u00edcio e se estende por quatro finais de semana<\/figcaption><\/figure>\n\n\n\n<p>Para a diretora de Turismo da UGAAT, Marcela Moro, a festa, por si s\u00f3, tem a identidade de Jundia\u00ed em sua hist\u00f3ria e \u00e9 a base da pol\u00edtica p\u00fablica de fomento ao turismo do munic\u00edpio. \u201cEm sua edi\u00e7\u00e3o de 2020, a festa recebeu 205 mil visitantes, de 195 cidades, 26 estados e 24 pa\u00edses diferentes. Estes turistas v\u00eam \u00e0 festa e retornam ao longo de todo o ano. A Terra da Uva tamb\u00e9m \u00e9 terra do turismo\u201d, destaca.<\/p>\n\n\n\n<p>Para o gestor da Unidade de Gest\u00e3o de Governo e Finan\u00e7as (UGGF), Jos\u00e9 Antonio Parimoschi, a amplia\u00e7\u00e3o em mais um final de semana para a Festa da Uva, garantir\u00e1 maior conforto para os visitantes e ganhos para os expositores no evento. \u201cO Turismo tem crescido na cidade a partir de capacita\u00e7\u00f5es, forma\u00e7\u00f5es e est\u00edmulo ao empreendedorismo, que s\u00e3o marcas da gest\u00e3o. A Festa da Uva \u00e9 evento que mobiliza todos os setores do munic\u00edpio, promovendo a gera\u00e7\u00e3o de renda e estimulando os empreendedores locais\u201d, explica.<\/p>\n\n\n\n<p>J\u00e1 para o gestor de Cultura, Marcelo Peroni, o aumento nos dias de Festa deve trazer um impacto positivo em toda a cadeia de trabalhadores envolvidos. \u201cEste aumento deve beneficiar n\u00e3o somente os produtores e entidades envolvidos com a festa, como tamb\u00e9m os artistas contratados, desde os atores do receptivo, at\u00e9 os m\u00fasicos e profissionais de outras linguagens art\u00edsticas. Isso vai tamb\u00e9m ao encontro da nossa percep\u00e7\u00e3o de aumento de p\u00fablico nas agendas culturais ap\u00f3s a pandemia, que deve ser uma realidade tamb\u00e9m nesta tradicional comemora\u00e7\u00e3o jundiaiense\u201d.<\/p>\n\n\n\n<p><strong><em>(Fonte\/Imagem: Prefeitura de Jundia\u00ed)<\/em><\/strong><\/p>\n","protected":false},"excerpt":{"rendered":"<p>A expectativa \u00e9 de aumento pr\u00f3ximo de 20% no movimento, o que reflete diretamente na economia da cidade. <\/p>\n","protected":false},"author":27,"featured_media":100628,"comment_status":"closed","ping_status":"0","sticky":false,"template":"","format":"standard","meta":{"footnotes":""},"categories":[8356],"tags":[],"class_list":["post-100627","post","type-post","status-publish","format-standard","has-post-thumbnail","hentry","category-jundiai"],"_links":{"self":[{"href":"https:\/\/tvtecjundiai.com.br\/news\/wp-json\/wp\/v2\/posts\/100627","targetHints":{"allow":["GET"]}}],"collection":[{"href":"https:\/\/tvtecjundiai.com.br\/news\/wp-json\/wp\/v2\/posts"}],"about":[{"href":"https:\/\/tvtecjundiai.com.br\/news\/wp-json\/wp\/v2\/types\/post"}],"author":[{"embeddable":true,"href":"https:\/\/tvtecjundiai.com.br\/news\/wp-json\/wp\/v2\/users\/27"}],"replies":[{"embeddable":true,"href":"https:\/\/tvtecjundiai.com.br\/news\/wp-json\/wp\/v2\/comments?post=100627"}],"version-history":[{"count":2,"href":"https:\/\/tvtecjundiai.com.br\/news\/wp-json\/wp\/v2\/posts\/100627\/revisions"}],"predecessor-version":[{"id":100631,"href":"https:\/\/tvtecjundiai.com.br\/news\/wp-json\/wp\/v2\/posts\/100627\/revisions\/100631"}],"wp:featuredmedia":[{"embeddable":true,"href":"https:\/\/tvtecjundiai.com.br\/news\/wp-json\/wp\/v2\/media\/100628"}],"wp:attachment":[{"href":"https:\/\/tvtecjundiai.com.br\/news\/wp-json\/wp\/v2\/media?parent=100627"}],"wp:term":[{"taxonomy":"category","embeddable":true,"href":"https:\/\/tvtecjundiai.com.br\/news\/wp-json\/wp\/v2\/categories?post=100627"},{"taxonomy":"post_tag","embeddable":true,"href":"https:\/\/tvtecjundiai.com.br\/news\/wp-json\/wp\/v2\/tags?post=100627"}],"curies":[{"name":"wp","href":"https:\/\/api.w.org\/{rel}","templated":true}]}}