{"id":100632,"date":"2022-11-08T12:46:07","date_gmt":"2022-11-08T15:46:07","guid":{"rendered":"https:\/\/tvtecjundiai.com.br\/news\/?p=100632"},"modified":"2022-11-08T13:07:20","modified_gmt":"2022-11-08T16:07:20","slug":"jundiai-recebe-o-maior-festival-de-torresmo-do-brasil","status":"publish","type":"post","link":"https:\/\/tvtecjundiai.com.br\/news\/2022\/11\/08\/jundiai-recebe-o-maior-festival-de-torresmo-do-brasil\/","title":{"rendered":"Jundia\u00ed recebe o maior Festival de Torresmo do Brasil"},"content":{"rendered":"\n<p>Jundia\u00ed ser\u00e1 palco do maior Festival de Torresmo do Brasil. Entre os dias 11 e 15 de novembro, ocorre Cidade Administrativa Jundia\u00ed, o evento que \u00e9 considerado o mais consagrado do pa\u00eds quando o assunto \u00e9 carne su\u00edna.<\/p>\n\n\n\n<p>Joelho de porco, leit\u00e3o \u00e0 pururuca, torresmo de rolo, recheado e mineiro, costela su\u00edna, pernil e panceta, entre outras del\u00edcias, estar\u00e3o no card\u00e1pio dos cerca de 20 expositores (food trucks e barracas). Est\u00e1 previsto um consumo de cerca de 15 toneladas de prote\u00edna su\u00edna.<\/p>\n\n\n\n<figure class=\"wp-block-image size-large\"><img loading=\"lazy\" decoding=\"async\" width=\"1200\" height=\"721\" src=\"https:\/\/tvtecjundiai.com.br\/news\/wp-content\/uploads\/sites\/2\/2022\/11\/Divulgacao-Festival-7-1200x721.jpeg\" alt=\"\" class=\"wp-image-100633\" srcset=\"https:\/\/tvtecjundiai.com.br\/news\/wp-content\/uploads\/sites\/2\/2022\/11\/Divulgacao-Festival-7-1200x721.jpeg 1200w, https:\/\/tvtecjundiai.com.br\/news\/wp-content\/uploads\/sites\/2\/2022\/11\/Divulgacao-Festival-7-300x180.jpeg 300w, https:\/\/tvtecjundiai.com.br\/news\/wp-content\/uploads\/sites\/2\/2022\/11\/Divulgacao-Festival-7-768x461.jpeg 768w, https:\/\/tvtecjundiai.com.br\/news\/wp-content\/uploads\/sites\/2\/2022\/11\/Divulgacao-Festival-7.jpeg 1280w\" sizes=\"auto, (max-width: 1200px) 100vw, 1200px\" \/><\/figure>\n\n\n\n<p>Entre os convidados, Adan Garcia, chef especialista em carne de porco, embaixador do festival. No menu, seu premiado Bai\u00e3o de Dois e o Arroz Carreteiro, que tem agradado paladares pelas edi\u00e7\u00f5es do evento.<\/p>\n\n\n\n<p>O festival oferece ainda estandes de chopp artesanal e shows para v\u00e1rios gostos, com covers de bandas nacionais e internacionais, trazendo m\u00fasicas de pop rock ao sertanejo.&nbsp;<\/p>\n\n\n\n<p>\u201cEstamos bem otimistas para essa edi\u00e7\u00e3o e esperamos mais de 50 mil pessoas ao longo dos cinco dias. \u00c9 um evento que vem conquistando cada vez mais o p\u00fablico pelo Brasil \u201c, comenta Eduardo Bueno, organizador do festival.<\/p>\n\n\n\n<figure class=\"wp-block-image size-large\"><img loading=\"lazy\" decoding=\"async\" width=\"960\" height=\"960\" src=\"https:\/\/tvtecjundiai.com.br\/news\/wp-content\/uploads\/sites\/2\/2022\/11\/divulgacao5-960x960.jpeg\" alt=\"\" class=\"wp-image-100634\" srcset=\"https:\/\/tvtecjundiai.com.br\/news\/wp-content\/uploads\/sites\/2\/2022\/11\/divulgacao5-960x960.jpeg 960w, https:\/\/tvtecjundiai.com.br\/news\/wp-content\/uploads\/sites\/2\/2022\/11\/divulgacao5-300x300.jpeg 300w, https:\/\/tvtecjundiai.com.br\/news\/wp-content\/uploads\/sites\/2\/2022\/11\/divulgacao5-100x100.jpeg 100w, https:\/\/tvtecjundiai.com.br\/news\/wp-content\/uploads\/sites\/2\/2022\/11\/divulgacao5-768x768.jpeg 768w, https:\/\/tvtecjundiai.com.br\/news\/wp-content\/uploads\/sites\/2\/2022\/11\/divulgacao5.jpeg 1024w\" sizes=\"auto, (max-width: 960px) 100vw, 960px\" \/><\/figure>\n\n\n\n<p><strong>Divers\u00e3o para toda a fam\u00edlia<\/strong><\/p>\n\n\n\n<p>Consagrado nos estados de S\u00e3o Paulo, Minas Gerais e Rio de Janeiro, o Festival do Torresmo \u00e9 pioneiro e o maior do Brasil com mais de 100 edi\u00e7\u00f5es realizadas e 4 milh\u00f5es de visitantes.<\/p>\n\n\n\n<p>O Festival do Torresmo \u00e9 Pet Friendly e conta com \u00e1rea kids. Ou seja, divers\u00e3o garantida para toda a fam\u00edlia.<\/p>\n\n\n\n<p><strong>Servi\u00e7o<br>Festival do Torresmo (gastronomia, shows e \u00e1rea kids)<br>Data:&nbsp;<\/strong>entre os dias 11 e 15 de novembro<br><strong>Onde:&nbsp; Cidade&nbsp; Administrativa Jundia\u00ed (<\/strong>Av. Alexandre Ludke, 700 &#8211; Vila Hortol\u00e2ndia, Jundia\u00ed)<\/p>\n\n\n\n<p><strong>Hor\u00e1rio:&nbsp;<\/strong>das 12h \u00e0s 22h.<br><strong>Entrada franca.<\/strong><\/p>\n\n\n\n<p><strong><em>(Fonte\/Imagem: Aleixo Comunica\u00e7\u00e3o e Marketing)<\/em><\/strong><\/p>\n","protected":false},"excerpt":{"rendered":"<p>O evento ser\u00e1 entre os dias 11 e 15 de novembro, na Cidade Administrativa de Jundia\u00ed. <\/p>\n","protected":false},"author":27,"featured_media":100635,"comment_status":"closed","ping_status":"0","sticky":false,"template":"","format":"standard","meta":{"footnotes":""},"categories":[8356,8354],"tags":[],"class_list":["post-100632","post","type-post","status-publish","format-standard","has-post-thumbnail","hentry","category-jundiai","category-lazer"],"_links":{"self":[{"href":"https:\/\/tvtecjundiai.com.br\/news\/wp-json\/wp\/v2\/posts\/100632","targetHints":{"allow":["GET"]}}],"collection":[{"href":"https:\/\/tvtecjundiai.com.br\/news\/wp-json\/wp\/v2\/posts"}],"about":[{"href":"https:\/\/tvtecjundiai.com.br\/news\/wp-json\/wp\/v2\/types\/post"}],"author":[{"embeddable":true,"href":"https:\/\/tvtecjundiai.com.br\/news\/wp-json\/wp\/v2\/users\/27"}],"replies":[{"embeddable":true,"href":"https:\/\/tvtecjundiai.com.br\/news\/wp-json\/wp\/v2\/comments?post=100632"}],"version-history":[{"count":2,"href":"https:\/\/tvtecjundiai.com.br\/news\/wp-json\/wp\/v2\/posts\/100632\/revisions"}],"predecessor-version":[{"id":100637,"href":"https:\/\/tvtecjundiai.com.br\/news\/wp-json\/wp\/v2\/posts\/100632\/revisions\/100637"}],"wp:featuredmedia":[{"embeddable":true,"href":"https:\/\/tvtecjundiai.com.br\/news\/wp-json\/wp\/v2\/media\/100635"}],"wp:attachment":[{"href":"https:\/\/tvtecjundiai.com.br\/news\/wp-json\/wp\/v2\/media?parent=100632"}],"wp:term":[{"taxonomy":"category","embeddable":true,"href":"https:\/\/tvtecjundiai.com.br\/news\/wp-json\/wp\/v2\/categories?post=100632"},{"taxonomy":"post_tag","embeddable":true,"href":"https:\/\/tvtecjundiai.com.br\/news\/wp-json\/wp\/v2\/tags?post=100632"}],"curies":[{"name":"wp","href":"https:\/\/api.w.org\/{rel}","templated":true}]}}