{"id":100658,"date":"2022-11-09T10:37:04","date_gmt":"2022-11-09T13:37:04","guid":{"rendered":"https:\/\/tvtecjundiai.com.br\/news\/?p=100658"},"modified":"2022-11-09T10:42:13","modified_gmt":"2022-11-09T13:42:13","slug":"jundiai-tera-semana-do-empreendedorismo-feminino-com-cursos-palestras-e-rodada-de-negocios","status":"publish","type":"post","link":"https:\/\/tvtecjundiai.com.br\/news\/2022\/11\/09\/jundiai-tera-semana-do-empreendedorismo-feminino-com-cursos-palestras-e-rodada-de-negocios\/","title":{"rendered":"Jundia\u00ed ter\u00e1 Semana do Empreendedorismo Feminino com cursos, palestras e rodada de neg\u00f3cios"},"content":{"rendered":"\n<p>No dia 19 de novembro \u00e9 o Dia Mundial do Empreendedorismo Feminino. Com o intuito de incentivar a entrada de mulheres no mundo dos neg\u00f3cios e estimular novas l\u00edderes e empreendedoras a iniciarem seus neg\u00f3cios, a Prefeitura de Jundia\u00ed promove do dia 16 at\u00e9 23 de novembro a Semana do Empreendedorismo Feminino.<\/p>\n\n\n\n<p>A a\u00e7\u00e3o \u00e9 feita pela Assessoria de Pol\u00edticas P\u00fablicas para Mulheres da Unidade de Gest\u00e3o da Casa Civil, Unidade de Gest\u00e3o de Desenvolvimento Econ\u00f4mico e Sebrae e ter\u00e1 palestras, rodada de neg\u00f3cios e cursos gratuitos de capacita\u00e7\u00e3o.<\/p>\n\n\n\n<p>A assessora de Pol\u00edticas para Mulheres, Penha Camunhas Martins, destacou a realiza\u00e7\u00e3o da a\u00e7\u00e3o. \u201cO tema empreendedorismo \u00e9 muito importante para a mulher ganhar autonomia financeira. Temos que dar ferramentas para que desenvolva suas habilidades e escolha sua trajet\u00f3ria\u201d, &nbsp;afirma a assessora.<\/p>\n\n\n<div class=\"wp-block-image\">\n<figure class=\"aligncenter size-full is-resized\"><img loading=\"lazy\" decoding=\"async\" src=\"https:\/\/tvtecjundiai.com.br\/news\/wp-content\/uploads\/sites\/2\/2022\/11\/post_semana_do_empreendedorismo_feminino-960x960-1.png\" alt=\"\" class=\"wp-image-100659\" width=\"581\" height=\"581\" srcset=\"https:\/\/tvtecjundiai.com.br\/news\/wp-content\/uploads\/sites\/2\/2022\/11\/post_semana_do_empreendedorismo_feminino-960x960-1.png 960w, https:\/\/tvtecjundiai.com.br\/news\/wp-content\/uploads\/sites\/2\/2022\/11\/post_semana_do_empreendedorismo_feminino-960x960-1-300x300.png 300w, https:\/\/tvtecjundiai.com.br\/news\/wp-content\/uploads\/sites\/2\/2022\/11\/post_semana_do_empreendedorismo_feminino-960x960-1-100x100.png 100w, https:\/\/tvtecjundiai.com.br\/news\/wp-content\/uploads\/sites\/2\/2022\/11\/post_semana_do_empreendedorismo_feminino-960x960-1-768x768.png 768w\" sizes=\"auto, (max-width: 581px) 100vw, 581px\" \/><\/figure>\n<\/div>\n\n\n<p>Para Cristiano Lopes, gestor de Desenvolvimento Econ\u00f4mico, Ci\u00eancia e Tecnologia, a Semana do Empreendedorismo Feminino \u00e9 primordial. \u201cO papel do programa Jundia\u00ed Empreendedora \u00e9 o de tamb\u00e9m estimular o empreendedorismo feminino que tem crescido muito e precisam de apoio. Observamos na Fens (Feira do Empreendedor, Neg\u00f3cios e Servi\u00e7os) que aconteceu no Parque da Uva a presen\u00e7a de um grande n\u00famero de mulheres empreendedoras. \u00c9 importante a atua\u00e7\u00e3o intersetorial da Prefeitura acerca do tema e este trabalho conjunto das Unidades e entidades\u201d.<\/p>\n\n\n\n<p>\u201cA iniciativa de fomentarmos as carater\u00edsticas comportamentais empreendedoras nas mulheres \u00e9 muito necess\u00e1ria. Isso faz a diferen\u00e7a para as mulheres que queiram empreender e possam obter sucesso nos seus neg\u00f3cios. Para n\u00f3s do Sebrae \u00e9 fundamental estar junto nesta a\u00e7\u00e3o e convido todo a participarem destas a\u00e7\u00f5es gratuitas\u201d, explica gerente regional do Sebrae, Marcelo Paranzini.<\/p>\n\n\n\n<p><strong><u>Programa\u00e7\u00e3o<\/u><\/strong><\/p>\n\n\n\n<p><strong>Quarta-feira (16 de novembro)<\/strong><\/p>\n\n\n\n<p><strong>Encontro de neg\u00f3cios e abertura oficial<\/strong><br><strong>Palestra presencial Sebrae:&nbsp;<\/strong>Seja um empreendedor com atitudes certeiras<br><strong>Hor\u00e1rio: 8h \u00e0s 11h30<\/strong><br><strong>Inscri\u00e7\u00e3o: Link de inscri\u00e7\u00e3o:&nbsp;<a href=\"https:\/\/inscricao.sebraesp.com.br\/produto\/turma\/23761994\">https:\/\/inscricao.sebraesp.com.br\/produto\/turma\/23761994<\/a><\/strong><br><strong>Local:<\/strong>&nbsp;Espa\u00e7o Jundia\u00ed Empreendedora (Maxi Shopping Jundia\u00ed \u2013 Piso G3 \u2013 Ala Oeste, Av. Ant\u00f4nio Frederico Ozanan, 6000, Jundia\u00ed \u2013 SP.<\/p>\n\n\n\n<p><strong>Curso Sebrae Delas \u2013 on-line<\/strong><br><strong>Hor\u00e1rio:<\/strong>&nbsp;18h30 \u00e0s 21h30<br><strong>Formato:<\/strong>&nbsp;online<br><strong>Link de Inscri\u00e7\u00e3o:&nbsp;<\/strong><a rel=\"noreferrer noopener\" href=\"https:\/\/inscricao.sebraesp.com.br\/produto\/turma\/23717500\" target=\"_blank\">https:\/\/inscricao.sebraesp.com.br\/produto\/turma\/23717500<\/a><\/p>\n\n\n\n<p><strong>Quinta-feira (17 de novembro)<\/strong><\/p>\n\n\n\n<p><strong>Palestra Presencial \u2013 Venda On-Line<\/strong><br><strong>Local:<\/strong>&nbsp;CECCO (Centro de Conviv\u00eancia, Cultura, Trabalho e Gera\u00e7\u00e3o de Renda) Vila Marlene<br><strong>Hor\u00e1rio: 9h \u00e0s 11h<\/strong><\/p>\n\n\n\n<p><strong>Workshop de Pequenos reparos residenciais<\/strong><br><strong>Idade m\u00ednima:&nbsp;<\/strong>16 anos<br><strong>Vagas:&nbsp;<\/strong>20<br><strong>Hor\u00e1rio: 8h \u00e0s 12h<\/strong><br><strong>Local:&nbsp;<\/strong>Fundo Social de Solidariedade \u2013 Av. Dona Manoela Lacerda de Vergueiro, s\/n \u2013 Port\u00e3o 3 \u2013 Anexo ao Parque da Uva \u2013 Bairro Anhangaba\u00fa<br><strong>Link para inscri\u00e7\u00e3o:&nbsp;<a href=\"https:\/\/forms.gle\/jAx43t4qcQae635y9\">https:\/\/forms.gle\/jAx43t4qcQae635y9<\/a><\/strong><\/p>\n\n\n\n<p><strong>Curso Sebrae Delas \u2013 on-line<\/strong><\/p>\n\n\n\n<p><strong>Hor\u00e1rio:<\/strong>&nbsp;18h30 \u00e0s 21h30<br><strong>Link de Inscri\u00e7\u00e3o:&nbsp;<\/strong><a rel=\"noreferrer noopener\" href=\"https:\/\/inscricao.sebraesp.com.br\/produto\/turma\/23717500\" target=\"_blank\">https:\/\/inscricao.sebraesp.com.br\/produto\/turma\/23717500<\/a><\/p>\n\n\n\n<p><strong>Sexta-feira (18 de novembro)<\/strong><\/p>\n\n\n\n<p><strong>Rodada de Neg\u00f3cios com Solutudo<\/strong><br><strong>Hor\u00e1rio:<\/strong>&nbsp;9h at\u00e9 11h30<br><strong>Local:<\/strong>&nbsp;Espa\u00e7o Jundia\u00ed Empreendedora (Maxi Shopping Jundia\u00ed \u2013 Piso G3 \u2013 Ala Oeste, Av. Ant\u00f4nio Frederico Ozanan, 6000, Jundia\u00ed \u2013 SP.<br><strong>Link de inscri\u00e7\u00e3o: &nbsp;<a href=\"https:\/\/forms.gle\/RhFD4j78hVPfQcwo8\">https:\/\/forms.gle\/RhFD4j78hVPfQcwo8<\/a><\/strong><\/p>\n\n\n\n<p><strong>Curso Sebrae Delas \u2013 on-line<\/strong><br><strong>Hor\u00e1rio:&nbsp;<\/strong>18h30 \u00e0s 21h30<br><strong>Link de Inscri\u00e7\u00e3o:&nbsp;<\/strong><a rel=\"noreferrer noopener\" href=\"https:\/\/inscricao.sebraesp.com.br\/produto\/turma\/23717500\" target=\"_blank\">https:\/\/inscricao.sebraesp.com.br\/produto\/turma\/23717500<\/a><\/p>\n\n\n\n<p><strong>Segunda-feira (21 de novembro)<\/strong><\/p>\n\n\n\n<p><strong>Curso de Design de Bal\u00f5es<\/strong><br><strong>Hor\u00e1rio:<\/strong>&nbsp;9h \u00e0s 17h<br><strong>Local:<\/strong>&nbsp;Espa\u00e7o Jundia\u00ed Empreendedora<br><strong>Link:<\/strong>&nbsp;<a href=\"https:\/\/docs.google.com\/forms\/d\/1sj7pl_4GHhAXk-0TlM1vG4lh-xV-NoTPVWozj-SFOes\/viewform?edit_requested=true\"><strong>https:\/\/docs.google.com\/forms\/d\/1sj7pl_4GHhAXk-0TlM1vG4lh-xV-NoTPVWozj-SFOes\/viewform?edit_requested=true<\/strong><\/a><\/p>\n\n\n\n<p><strong>Curso Sebrae Delas \u2013 on-line<\/strong><br><strong>Hor\u00e1rio:<\/strong>&nbsp;18h30 \u00e0s 21h30<br><strong>Link de Inscri\u00e7\u00e3o:&nbsp;<\/strong><a rel=\"noreferrer noopener\" href=\"https:\/\/inscricao.sebraesp.com.br\/produto\/turma\/23717500\" target=\"_blank\">https:\/\/inscricao.sebraesp.com.br\/produto\/turma\/23717500<\/a><\/p>\n\n\n\n<p><strong>Ter\u00e7a-feira (22 de novembro)<\/strong><\/p>\n\n\n\n<p><strong>Curso Sebrae Delas \u2013 on-line<\/strong><br><strong>Hor\u00e1rio:<\/strong>&nbsp;18h30 \u00e0s 21h30<br><strong>Link de Inscri\u00e7\u00e3o:&nbsp;<\/strong><a rel=\"noreferrer noopener\" href=\"https:\/\/inscricao.sebraesp.com.br\/produto\/turma\/23717500\" target=\"_blank\">https:\/\/inscricao.sebraesp.com.br\/produto\/turma\/23717500<\/a><\/p>\n\n\n\n<p><strong>Quarta-feira (23 de novembro)<\/strong><\/p>\n\n\n\n<p><strong>Palestra ministrada pela TVTEC: Empodere-se e construa uma jornada vencedora<\/strong><\/p>\n\n\n\n<p><strong>Hor\u00e1rio:<\/strong>\u00a010h \u00e0s 12h<br><strong>Formato:<\/strong>\u00a0On-line<br><strong>Inscri\u00e7\u00e3o:<\/strong>\u00a0<a href=\"https:\/\/docs.google.com\/forms\/d\/e\/1FAIpQLSd05DVM6_R2CUgdBA9Rc6waAPyCzvZ7hfyltgDUVeFJa6-DkQ\/viewform\"><strong>https:\/\/docs.google.com\/forms\/d\/e\/1FAIpQLSd05DVM6_R2CUgdBA9Rc6waAPyCzvZ7hfyltgDUVeFJa6-DkQ\/viewform<\/strong><\/a><\/p>\n\n\n\n<p><strong><br><em>(Fonte\/Imagem: Prefeitura de Jundia\u00ed)<\/em><\/strong><\/p>\n\n\n\n<figure class=\"wp-block-image\"><img decoding=\"async\" src=\"https:\/\/platform-cdn.sharethis.com\/img\/telegram.svg\" alt=\"telegram sharing button\" \/><\/figure>\n","protected":false},"excerpt":{"rendered":"<p>A a\u00e7\u00e3o \u00e9 feita pela Assessoria de Pol\u00edticas P\u00fablicas para Mulheres da Unidade de Gest\u00e3o da Casa Civil.<\/p>\n","protected":false},"author":30,"featured_media":100659,"comment_status":"closed","ping_status":"0","sticky":false,"template":"","format":"standard","meta":{"footnotes":""},"categories":[8362,8356],"tags":[],"class_list":["post-100658","post","type-post","status-publish","format-standard","has-post-thumbnail","hentry","category-empreendedorismo","category-jundiai"],"_links":{"self":[{"href":"https:\/\/tvtecjundiai.com.br\/news\/wp-json\/wp\/v2\/posts\/100658","targetHints":{"allow":["GET"]}}],"collection":[{"href":"https:\/\/tvtecjundiai.com.br\/news\/wp-json\/wp\/v2\/posts"}],"about":[{"href":"https:\/\/tvtecjundiai.com.br\/news\/wp-json\/wp\/v2\/types\/post"}],"author":[{"embeddable":true,"href":"https:\/\/tvtecjundiai.com.br\/news\/wp-json\/wp\/v2\/users\/30"}],"replies":[{"embeddable":true,"href":"https:\/\/tvtecjundiai.com.br\/news\/wp-json\/wp\/v2\/comments?post=100658"}],"version-history":[{"count":2,"href":"https:\/\/tvtecjundiai.com.br\/news\/wp-json\/wp\/v2\/posts\/100658\/revisions"}],"predecessor-version":[{"id":100664,"href":"https:\/\/tvtecjundiai.com.br\/news\/wp-json\/wp\/v2\/posts\/100658\/revisions\/100664"}],"wp:featuredmedia":[{"embeddable":true,"href":"https:\/\/tvtecjundiai.com.br\/news\/wp-json\/wp\/v2\/media\/100659"}],"wp:attachment":[{"href":"https:\/\/tvtecjundiai.com.br\/news\/wp-json\/wp\/v2\/media?parent=100658"}],"wp:term":[{"taxonomy":"category","embeddable":true,"href":"https:\/\/tvtecjundiai.com.br\/news\/wp-json\/wp\/v2\/categories?post=100658"},{"taxonomy":"post_tag","embeddable":true,"href":"https:\/\/tvtecjundiai.com.br\/news\/wp-json\/wp\/v2\/tags?post=100658"}],"curies":[{"name":"wp","href":"https:\/\/api.w.org\/{rel}","templated":true}]}}