{"id":100737,"date":"2022-11-10T16:55:56","date_gmt":"2022-11-10T19:55:56","guid":{"rendered":"https:\/\/tvtecjundiai.com.br\/news\/?p=100737"},"modified":"2022-11-10T16:56:01","modified_gmt":"2022-11-10T19:56:01","slug":"funss-nao-tera-expediente-nesta-sexta-feira-11-para-manutencao-preventiva-no-parque-da-uva","status":"publish","type":"post","link":"https:\/\/tvtecjundiai.com.br\/news\/2022\/11\/10\/funss-nao-tera-expediente-nesta-sexta-feira-11-para-manutencao-preventiva-no-parque-da-uva\/","title":{"rendered":"Funss n\u00e3o ter\u00e1 expediente nesta sexta-feira (11) para manuten\u00e7\u00e3o preventiva no Parque da Uva"},"content":{"rendered":"\n<p>Nesta sexta-feira (11), por conta de manuten\u00e7\u00e3o preventiva das cabines de for\u00e7a do Parque Comendador Ant\u00f4nio Carbonari, o Parque da Uva, n\u00e3o haver\u00e1 expediente na sede do Fundo Social de Solidariedade de Jundia\u00ed (Funss).<\/p>\n\n\n\n<figure class=\"wp-block-image size-large\"><img loading=\"lazy\" decoding=\"async\" width=\"1200\" height=\"800\" src=\"https:\/\/tvtecjundiai.com.br\/news\/wp-content\/uploads\/sites\/2\/2022\/09\/fundo-social-fachada-1200x800.jpg\" alt=\"\" class=\"wp-image-98452\" srcset=\"https:\/\/tvtecjundiai.com.br\/news\/wp-content\/uploads\/sites\/2\/2022\/09\/fundo-social-fachada-1200x800.jpg 1200w, https:\/\/tvtecjundiai.com.br\/news\/wp-content\/uploads\/sites\/2\/2022\/09\/fundo-social-fachada-300x200.jpg 300w, https:\/\/tvtecjundiai.com.br\/news\/wp-content\/uploads\/sites\/2\/2022\/09\/fundo-social-fachada-768x512.jpg 768w, https:\/\/tvtecjundiai.com.br\/news\/wp-content\/uploads\/sites\/2\/2022\/09\/fundo-social-fachada.jpg 1280w\" sizes=\"auto, (max-width: 1200px) 100vw, 1200px\" \/><\/figure>\n\n\n\n<p>As atividades do Funss ser\u00e3o retomadas na quarta-feira (16), \u00e0s 8h, em virtude do feriado em comemora\u00e7\u00e3o \u00e0 Proclama\u00e7\u00e3o da Rep\u00fablica, celebrado na ter\u00e7a-feira (15). O endere\u00e7o do Fundo Social \u00e9 o Parque da Uva e o acesso \u00e9\u00a0pela avenida Dona Manoela Lacerda de Vergueiro, s\/n, port\u00e3o 03, bairro Anhangaba\u00fa. O funcionamento da unidade \u00e9 de segunda a sexta-feira, das 8h \u00e0s 17h, exceto feriados. Informa\u00e7\u00f5es pelos telefones (11) 4589-6319, 4589-6320, 4589-6322.<\/p>\n\n\n\n<p><em><strong>(Fonte\/Imagem: Prefeitura de Jundia\u00ed)<\/strong><\/em><\/p>\n","protected":false},"excerpt":{"rendered":"<p>As atividades do Funss ser\u00e3o retomadas na quarta-feira (16), \u00e0s 8h.<\/p>\n","protected":false},"author":27,"featured_media":98452,"comment_status":"closed","ping_status":"0","sticky":false,"template":"","format":"standard","meta":{"footnotes":""},"categories":[8356],"tags":[],"class_list":["post-100737","post","type-post","status-publish","format-standard","has-post-thumbnail","hentry","category-jundiai"],"_links":{"self":[{"href":"https:\/\/tvtecjundiai.com.br\/news\/wp-json\/wp\/v2\/posts\/100737","targetHints":{"allow":["GET"]}}],"collection":[{"href":"https:\/\/tvtecjundiai.com.br\/news\/wp-json\/wp\/v2\/posts"}],"about":[{"href":"https:\/\/tvtecjundiai.com.br\/news\/wp-json\/wp\/v2\/types\/post"}],"author":[{"embeddable":true,"href":"https:\/\/tvtecjundiai.com.br\/news\/wp-json\/wp\/v2\/users\/27"}],"replies":[{"embeddable":true,"href":"https:\/\/tvtecjundiai.com.br\/news\/wp-json\/wp\/v2\/comments?post=100737"}],"version-history":[{"count":1,"href":"https:\/\/tvtecjundiai.com.br\/news\/wp-json\/wp\/v2\/posts\/100737\/revisions"}],"predecessor-version":[{"id":100738,"href":"https:\/\/tvtecjundiai.com.br\/news\/wp-json\/wp\/v2\/posts\/100737\/revisions\/100738"}],"wp:featuredmedia":[{"embeddable":true,"href":"https:\/\/tvtecjundiai.com.br\/news\/wp-json\/wp\/v2\/media\/98452"}],"wp:attachment":[{"href":"https:\/\/tvtecjundiai.com.br\/news\/wp-json\/wp\/v2\/media?parent=100737"}],"wp:term":[{"taxonomy":"category","embeddable":true,"href":"https:\/\/tvtecjundiai.com.br\/news\/wp-json\/wp\/v2\/categories?post=100737"},{"taxonomy":"post_tag","embeddable":true,"href":"https:\/\/tvtecjundiai.com.br\/news\/wp-json\/wp\/v2\/tags?post=100737"}],"curies":[{"name":"wp","href":"https:\/\/api.w.org\/{rel}","templated":true}]}}