{"id":100739,"date":"2022-11-10T16:57:50","date_gmt":"2022-11-10T19:57:50","guid":{"rendered":"https:\/\/tvtecjundiai.com.br\/news\/?p=100739"},"modified":"2022-11-10T16:57:52","modified_gmt":"2022-11-10T19:57:52","slug":"solar-do-barao-se-prepara-para-a-exposicao-de-presepios","status":"publish","type":"post","link":"https:\/\/tvtecjundiai.com.br\/news\/2022\/11\/10\/solar-do-barao-se-prepara-para-a-exposicao-de-presepios\/","title":{"rendered":"Solar do Bar\u00e3o se prepara para a exposi\u00e7\u00e3o de Pres\u00e9pios"},"content":{"rendered":"\n<p>O Museu Hist\u00f3rico e Cultural \u2013 Solar do Bar\u00e3o, bem como seu jardim, permanecer\u00e3o fechados a partir do dia 16 de novembro, quarta-feira, para a desmontagem da exposi\u00e7\u00e3o \u201cPatrim\u00f4nios Culturais de Jundia\u00ed\u201d e montagem da infraestrutura necess\u00e1ria para receber a tradicional exposi\u00e7\u00e3o de pres\u00e9pios, que todos os anos abrilhanta as comemora\u00e7\u00f5es do anivers\u00e1rio de Jundia\u00ed e do Natal no Centro.<\/p>\n\n\n\n<figure class=\"wp-block-image\"><img decoding=\"async\" src=\"https:\/\/jundiai.sp.gov.br\/noticias\/wp-content\/uploads\/sites\/32\/2022\/11\/exposicao_presepios_solar_do_barao-41.jpg\" alt=\"\" class=\"wp-image-305219\" \/><figcaption class=\"wp-element-caption\">Exposi\u00e7\u00e3o de Pres\u00e9pios sempre atrai a aten\u00e7\u00e3o do p\u00fablico de Jundia\u00ed e regi\u00e3o<\/figcaption><\/figure>\n\n\n\n<p>De acordo com o diretor do Museu, Paulo Vicentini a reabertura do espa\u00e7o acontecer\u00e1 dia 01 de dezembro, com a exposi\u00e7\u00e3o dos pres\u00e9pios que ficar\u00e1 aberta \u00e0 visita\u00e7\u00e3o do p\u00fablico, com entrada gratuita, at\u00e9 o dia 06 de janeiro, sempre de ter\u00e7a a domingo (inclusive feriados) das 10h \u00e0s 17h.<\/p>\n\n\n\n<p>Interessados em participar da Exposi\u00e7\u00e3o de Pres\u00e9pios dever\u00e3o entrar em contato com o setor administrativo do Museu, na rua Bar\u00e3o de Jundia\u00ed Bar\u00e3o de Jundia\u00ed, 762, Centro, e mais informa\u00e7\u00f5es podem ser obtidas pelo telefone 4521-6259.<\/p>\n\n\n\n<p><strong><em>(Fonte\/Imagem: Prefeitura de Jundia\u00ed)<\/em><\/strong><\/p>\n","protected":false},"excerpt":{"rendered":"<p>Interessados em participar da Exposi\u00e7\u00e3o de Pres\u00e9pios dever\u00e3o entrar em contato com o setor administrativo do Museu.<\/p>\n","protected":false},"author":27,"featured_media":100740,"comment_status":"closed","ping_status":"0","sticky":false,"template":"","format":"standard","meta":{"footnotes":""},"categories":[8356],"tags":[],"class_list":["post-100739","post","type-post","status-publish","format-standard","has-post-thumbnail","hentry","category-jundiai"],"_links":{"self":[{"href":"https:\/\/tvtecjundiai.com.br\/news\/wp-json\/wp\/v2\/posts\/100739","targetHints":{"allow":["GET"]}}],"collection":[{"href":"https:\/\/tvtecjundiai.com.br\/news\/wp-json\/wp\/v2\/posts"}],"about":[{"href":"https:\/\/tvtecjundiai.com.br\/news\/wp-json\/wp\/v2\/types\/post"}],"author":[{"embeddable":true,"href":"https:\/\/tvtecjundiai.com.br\/news\/wp-json\/wp\/v2\/users\/27"}],"replies":[{"embeddable":true,"href":"https:\/\/tvtecjundiai.com.br\/news\/wp-json\/wp\/v2\/comments?post=100739"}],"version-history":[{"count":1,"href":"https:\/\/tvtecjundiai.com.br\/news\/wp-json\/wp\/v2\/posts\/100739\/revisions"}],"predecessor-version":[{"id":100741,"href":"https:\/\/tvtecjundiai.com.br\/news\/wp-json\/wp\/v2\/posts\/100739\/revisions\/100741"}],"wp:featuredmedia":[{"embeddable":true,"href":"https:\/\/tvtecjundiai.com.br\/news\/wp-json\/wp\/v2\/media\/100740"}],"wp:attachment":[{"href":"https:\/\/tvtecjundiai.com.br\/news\/wp-json\/wp\/v2\/media?parent=100739"}],"wp:term":[{"taxonomy":"category","embeddable":true,"href":"https:\/\/tvtecjundiai.com.br\/news\/wp-json\/wp\/v2\/categories?post=100739"},{"taxonomy":"post_tag","embeddable":true,"href":"https:\/\/tvtecjundiai.com.br\/news\/wp-json\/wp\/v2\/tags?post=100739"}],"curies":[{"name":"wp","href":"https:\/\/api.w.org\/{rel}","templated":true}]}}