{"id":10074,"date":"2018-05-09T16:43:37","date_gmt":"2018-05-09T19:43:37","guid":{"rendered":"https:\/\/tvtecjundiai.com.br\/news\/?p=10074"},"modified":"2018-05-09T16:44:48","modified_gmt":"2018-05-09T19:44:48","slug":"matine-no-poly-recebe-chapeuzinho-vermelho","status":"publish","type":"post","link":"https:\/\/tvtecjundiai.com.br\/news\/2018\/05\/09\/matine-no-poly-recebe-chapeuzinho-vermelho\/","title":{"rendered":"Matin\u00ea no Poly recebe Chapeuzinho Vermelho"},"content":{"rendered":"<div id=\"attachment_10075\" style=\"width: 410px\" class=\"wp-caption alignright\"><a href=\"https:\/\/tvtecjundiai.com.br\/news\/wp-content\/uploads\/sites\/2\/2018\/05\/19441896_1241214269320213_4629314741516035965_o.jpg\"><img loading=\"lazy\" decoding=\"async\" aria-describedby=\"caption-attachment-10075\" class=\"wp-image-10075\" src=\"https:\/\/tvtecjundiai.com.br\/news\/wp-content\/uploads\/sites\/2\/2018\/05\/19441896_1241214269320213_4629314741516035965_o-300x200.jpg\" alt=\"\" width=\"400\" height=\"267\" srcset=\"https:\/\/tvtecjundiai.com.br\/news\/wp-content\/uploads\/sites\/2\/2018\/05\/19441896_1241214269320213_4629314741516035965_o-300x200.jpg 300w, https:\/\/tvtecjundiai.com.br\/news\/wp-content\/uploads\/sites\/2\/2018\/05\/19441896_1241214269320213_4629314741516035965_o-768x512.jpg 768w, https:\/\/tvtecjundiai.com.br\/news\/wp-content\/uploads\/sites\/2\/2018\/05\/19441896_1241214269320213_4629314741516035965_o-1200x800.jpg 1200w, https:\/\/tvtecjundiai.com.br\/news\/wp-content\/uploads\/sites\/2\/2018\/05\/19441896_1241214269320213_4629314741516035965_o.jpg 1772w\" sizes=\"auto, (max-width: 400px) 100vw, 400px\" \/><\/a><p id=\"caption-attachment-10075\" class=\"wp-caption-text\">A Cia. Le Plat du Jour nasceu em Paris, em 1992<\/p><\/div>\n<p>A Sess\u00e3o Matin\u00ea no Poly, que acontece no Teatro Polytheama, recebe a pe\u00e7a infantil Chapeuzinho Vermelho, da\u00a0Cia. Le Plat du Jour, neste domigo (13), \u00e0s 16h. A classifica\u00e7\u00e3o \u00e9 livre e a entrada \u00e9 gratuita.<\/p>\n<p>O espet\u00e1culo recebeu o\u00a0Pr\u00eamio APCA 2001\u00a0como\u00a0Melhor Espet\u00e1culo Infantil de S\u00e3o Paulo e tamb\u00e9m foi indicado para o Pr\u00eamio Panamco Coca-Cola e de Teatro nas categorias Melhor Espet\u00e1culo Infantil, Melhor Cen\u00e1rio, Melhor Figurino e Melhores Atrizes.<\/p>\n<p>A Cia. Le Plat du Jour, fundada por Alexandra Golik e Carla Candiotto, nasceu em Paris em 1992, e vem construindo uma trajet\u00f3ria de reconhecimento no teatro, principalmente pela qualidade, seriedade e linguagem diferenciada com que lida na adapta\u00e7\u00e3o dos contos tradicionais da literatura infantil para o teatro.<\/p>\n<p>O Teatro Polytheama fica na rua Bar\u00e3o de Jundia\u00ed, 176, Centro.<\/p>\n<p><em>Fonte: Cultura Jundia\u00ed<\/em><\/p>\n<p>&nbsp;<\/p>\n","protected":false},"excerpt":{"rendered":"<p>Espet\u00e1culo acontece no domingo (13), \u00e0s 16h<\/p>\n","protected":false},"author":10,"featured_media":10075,"comment_status":"closed","ping_status":"closed","sticky":false,"template":"","format":"standard","meta":{"footnotes":""},"categories":[2833],"tags":[3137,5,83,15],"class_list":["post-10074","post","type-post","status-publish","format-standard","has-post-thumbnail","hentry","category-cultura","tag-chapeuzinho-vermelho","tag-jundiai","tag-teatro","tag-tvtec"],"_links":{"self":[{"href":"https:\/\/tvtecjundiai.com.br\/news\/wp-json\/wp\/v2\/posts\/10074","targetHints":{"allow":["GET"]}}],"collection":[{"href":"https:\/\/tvtecjundiai.com.br\/news\/wp-json\/wp\/v2\/posts"}],"about":[{"href":"https:\/\/tvtecjundiai.com.br\/news\/wp-json\/wp\/v2\/types\/post"}],"author":[{"embeddable":true,"href":"https:\/\/tvtecjundiai.com.br\/news\/wp-json\/wp\/v2\/users\/10"}],"replies":[{"embeddable":true,"href":"https:\/\/tvtecjundiai.com.br\/news\/wp-json\/wp\/v2\/comments?post=10074"}],"version-history":[{"count":3,"href":"https:\/\/tvtecjundiai.com.br\/news\/wp-json\/wp\/v2\/posts\/10074\/revisions"}],"predecessor-version":[{"id":10078,"href":"https:\/\/tvtecjundiai.com.br\/news\/wp-json\/wp\/v2\/posts\/10074\/revisions\/10078"}],"wp:featuredmedia":[{"embeddable":true,"href":"https:\/\/tvtecjundiai.com.br\/news\/wp-json\/wp\/v2\/media\/10075"}],"wp:attachment":[{"href":"https:\/\/tvtecjundiai.com.br\/news\/wp-json\/wp\/v2\/media?parent=10074"}],"wp:term":[{"taxonomy":"category","embeddable":true,"href":"https:\/\/tvtecjundiai.com.br\/news\/wp-json\/wp\/v2\/categories?post=10074"},{"taxonomy":"post_tag","embeddable":true,"href":"https:\/\/tvtecjundiai.com.br\/news\/wp-json\/wp\/v2\/tags?post=10074"}],"curies":[{"name":"wp","href":"https:\/\/api.w.org\/{rel}","templated":true}]}}