{"id":100745,"date":"2022-11-10T17:08:55","date_gmt":"2022-11-10T20:08:55","guid":{"rendered":"https:\/\/tvtecjundiai.com.br\/news\/?p=100745"},"modified":"2022-11-10T17:08:56","modified_gmt":"2022-11-10T20:08:56","slug":"volei-feminino-abre-seletiva-para-nascidas-de-2002-a-2011","status":"publish","type":"post","link":"https:\/\/tvtecjundiai.com.br\/news\/2022\/11\/10\/volei-feminino-abre-seletiva-para-nascidas-de-2002-a-2011\/","title":{"rendered":"V\u00f4lei Feminino abre seletiva para nascidas de 2002 a 2011"},"content":{"rendered":"\n<p>J\u00e1 pensando nas aulas de inicia\u00e7\u00e3o para o in\u00edcio do ano que vem, a Unidade de Gest\u00e3o de Esporte e Lazer da Prefeitura de Jundia\u00ed j\u00e1 anunciou a primeira seletiva que ser\u00e1 realizada ainda este ano. A primeira modalidade ser\u00e1 o voleibol feminino, para nascidas entre os anos de 2002 e 2011. A seletiva acontece no dia 26 de novembro, s\u00e1bado, das 13h \u00e0s 17h30 no CECE Dr. Nicolino de Luca, o Bol\u00e3o, de maneira gratuita para aquelas que desejam competir pelo TIME-Jundia\u00ed.<\/p>\n\n\n<div class=\"wp-block-image\">\n<figure class=\"aligncenter size-large\"><img loading=\"lazy\" decoding=\"async\" width=\"679\" height=\"960\" src=\"https:\/\/tvtecjundiai.com.br\/news\/wp-content\/uploads\/sites\/2\/2022\/11\/volei-679x960.jpg\" alt=\"\" class=\"wp-image-100746\" srcset=\"https:\/\/tvtecjundiai.com.br\/news\/wp-content\/uploads\/sites\/2\/2022\/11\/volei-679x960.jpg 679w, https:\/\/tvtecjundiai.com.br\/news\/wp-content\/uploads\/sites\/2\/2022\/11\/volei-300x424.jpg 300w, https:\/\/tvtecjundiai.com.br\/news\/wp-content\/uploads\/sites\/2\/2022\/11\/volei.jpg 707w\" sizes=\"auto, (max-width: 679px) 100vw, 679px\" \/><\/figure>\n<\/div>\n\n\n<p>A comiss\u00e3o organizadora pede que as interessadas compare\u00e7am com roupa adequada \u00e0 pr\u00e1tica esportiva e portando um documento original de identidade com foto (RG). O objetivo \u00e9 selecionar atletas para compor a equipe do TIME-Jundia\u00ed para a disputa de competi\u00e7\u00f5es regionais e da Federa\u00e7\u00e3o Paulista de Voleibol.<\/p>\n\n\n\n<figure class=\"wp-block-image\"><img decoding=\"async\" src=\"https:\/\/jundiai.sp.gov.br\/noticias\/wp-content\/uploads\/sites\/32\/2018\/10\/voley_feminino_jogos_infantis-33-1-1160x702.jpg\" alt=\"\" class=\"wp-image-223055\" \/><figcaption class=\"wp-element-caption\">TIME-Jundia\u00ed de v\u00f4lei feminino ter\u00e1 seletiva para a temporada 2023<\/figcaption><\/figure>\n\n\n\n<p><strong><em>(Fonte\/Imagem: Prefeitura de Jundia\u00ed)<\/em><\/strong><\/p>\n","protected":false},"excerpt":{"rendered":"<p>A seletiva acontece no dia 26 de novembro, s\u00e1bado, das 13h \u00e0s 17h30 no CECE Dr. Nicolino de Luca, o Bol\u00e3o.<\/p>\n","protected":false},"author":27,"featured_media":100747,"comment_status":"closed","ping_status":"0","sticky":false,"template":"","format":"standard","meta":{"footnotes":""},"categories":[2827,8356],"tags":[],"class_list":["post-100745","post","type-post","status-publish","format-standard","has-post-thumbnail","hentry","category-esportes-e-lazer","category-jundiai"],"_links":{"self":[{"href":"https:\/\/tvtecjundiai.com.br\/news\/wp-json\/wp\/v2\/posts\/100745","targetHints":{"allow":["GET"]}}],"collection":[{"href":"https:\/\/tvtecjundiai.com.br\/news\/wp-json\/wp\/v2\/posts"}],"about":[{"href":"https:\/\/tvtecjundiai.com.br\/news\/wp-json\/wp\/v2\/types\/post"}],"author":[{"embeddable":true,"href":"https:\/\/tvtecjundiai.com.br\/news\/wp-json\/wp\/v2\/users\/27"}],"replies":[{"embeddable":true,"href":"https:\/\/tvtecjundiai.com.br\/news\/wp-json\/wp\/v2\/comments?post=100745"}],"version-history":[{"count":1,"href":"https:\/\/tvtecjundiai.com.br\/news\/wp-json\/wp\/v2\/posts\/100745\/revisions"}],"predecessor-version":[{"id":100748,"href":"https:\/\/tvtecjundiai.com.br\/news\/wp-json\/wp\/v2\/posts\/100745\/revisions\/100748"}],"wp:featuredmedia":[{"embeddable":true,"href":"https:\/\/tvtecjundiai.com.br\/news\/wp-json\/wp\/v2\/media\/100747"}],"wp:attachment":[{"href":"https:\/\/tvtecjundiai.com.br\/news\/wp-json\/wp\/v2\/media?parent=100745"}],"wp:term":[{"taxonomy":"category","embeddable":true,"href":"https:\/\/tvtecjundiai.com.br\/news\/wp-json\/wp\/v2\/categories?post=100745"},{"taxonomy":"post_tag","embeddable":true,"href":"https:\/\/tvtecjundiai.com.br\/news\/wp-json\/wp\/v2\/tags?post=100745"}],"curies":[{"name":"wp","href":"https:\/\/api.w.org\/{rel}","templated":true}]}}