{"id":100955,"date":"2022-11-16T10:16:27","date_gmt":"2022-11-16T13:16:27","guid":{"rendered":"https:\/\/tvtecjundiai.com.br\/news\/?p=100955"},"modified":"2022-11-16T10:16:28","modified_gmt":"2022-11-16T13:16:28","slug":"humanitarian-calcados-esta-com-40-vagas-de-emprego-abertas-em-jundiai","status":"publish","type":"post","link":"https:\/\/tvtecjundiai.com.br\/news\/2022\/11\/16\/humanitarian-calcados-esta-com-40-vagas-de-emprego-abertas-em-jundiai\/","title":{"rendered":"Humanitarian Cal\u00e7ados est\u00e1 com 40 vagas de emprego abertas em Jundia\u00ed"},"content":{"rendered":"\n<p>A Humanitarian Cal\u00e7ados est\u00e1 com 40 vagas de emprego abertas em Jundia\u00ed, em sua loja no Centro. As oportunidades s\u00e3o para vendedor de loja.<\/p>\n\n\n\n<p>Os interessados podem se inscrever pelo\u00a0<a href=\"https:\/\/web.jundiai.sp.gov.br\/PMJ\/emprega\/Vaga#\">portal Jundia\u00ed Empreendedora<\/a>, da Prefeitura de Jundia\u00ed. Basta digitar \u201cHumanitarian Cal\u00e7ados\u201d no campo de buscas.<\/p>\n\n\n<div class=\"wp-block-image\">\n<figure class=\"aligncenter size-full\"><img loading=\"lazy\" decoding=\"async\" width=\"671\" height=\"447\" src=\"https:\/\/tvtecjundiai.com.br\/news\/wp-content\/uploads\/sites\/2\/2022\/11\/Humanitarian-IMG_0274.jpg\" alt=\"\" class=\"wp-image-100956\" srcset=\"https:\/\/tvtecjundiai.com.br\/news\/wp-content\/uploads\/sites\/2\/2022\/11\/Humanitarian-IMG_0274.jpg 671w, https:\/\/tvtecjundiai.com.br\/news\/wp-content\/uploads\/sites\/2\/2022\/11\/Humanitarian-IMG_0274-300x200.jpg 300w\" sizes=\"auto, (max-width: 671px) 100vw, 671px\" \/><\/figure>\n<\/div>\n\n\n<p><strong>Vagas \u2013 Humanitarian<\/strong><\/p>\n\n\n\n<p><strong>Vendedor de com\u00e9rcio varejista \u2013 40 vagas<\/strong><\/p>\n\n\n\n<p><em>Exig\u00eancias:\u00a0<\/em>Necess\u00e1rio ter ensino m\u00e9dio incompleto; pode ser vendedor com ou sem experi\u00eancia.<\/p>\n\n\n\n<p><strong><em>(Fonte: TVTEC Jundia\u00ed\/Imagem: Divulga\u00e7\u00e3o)<\/em><\/strong><\/p>\n","protected":false},"excerpt":{"rendered":"<p>Os interessados podem se inscrever pelo\u00a0portal Jundia\u00ed Empreendedora<\/p>\n","protected":false},"author":30,"featured_media":100956,"comment_status":"closed","ping_status":"0","sticky":false,"template":"","format":"standard","meta":{"footnotes":""},"categories":[5038,8363,8356,1],"tags":[],"class_list":["post-100955","post","type-post","status-publish","format-standard","has-post-thumbnail","hentry","category-emprego","category-emprego-2","category-jundiai","category-noticias"],"_links":{"self":[{"href":"https:\/\/tvtecjundiai.com.br\/news\/wp-json\/wp\/v2\/posts\/100955","targetHints":{"allow":["GET"]}}],"collection":[{"href":"https:\/\/tvtecjundiai.com.br\/news\/wp-json\/wp\/v2\/posts"}],"about":[{"href":"https:\/\/tvtecjundiai.com.br\/news\/wp-json\/wp\/v2\/types\/post"}],"author":[{"embeddable":true,"href":"https:\/\/tvtecjundiai.com.br\/news\/wp-json\/wp\/v2\/users\/30"}],"replies":[{"embeddable":true,"href":"https:\/\/tvtecjundiai.com.br\/news\/wp-json\/wp\/v2\/comments?post=100955"}],"version-history":[{"count":1,"href":"https:\/\/tvtecjundiai.com.br\/news\/wp-json\/wp\/v2\/posts\/100955\/revisions"}],"predecessor-version":[{"id":100957,"href":"https:\/\/tvtecjundiai.com.br\/news\/wp-json\/wp\/v2\/posts\/100955\/revisions\/100957"}],"wp:featuredmedia":[{"embeddable":true,"href":"https:\/\/tvtecjundiai.com.br\/news\/wp-json\/wp\/v2\/media\/100956"}],"wp:attachment":[{"href":"https:\/\/tvtecjundiai.com.br\/news\/wp-json\/wp\/v2\/media?parent=100955"}],"wp:term":[{"taxonomy":"category","embeddable":true,"href":"https:\/\/tvtecjundiai.com.br\/news\/wp-json\/wp\/v2\/categories?post=100955"},{"taxonomy":"post_tag","embeddable":true,"href":"https:\/\/tvtecjundiai.com.br\/news\/wp-json\/wp\/v2\/tags?post=100955"}],"curies":[{"name":"wp","href":"https:\/\/api.w.org\/{rel}","templated":true}]}}