{"id":100958,"date":"2022-11-16T10:35:11","date_gmt":"2022-11-16T13:35:11","guid":{"rendered":"https:\/\/tvtecjundiai.com.br\/news\/?p=100958"},"modified":"2022-11-16T10:35:17","modified_gmt":"2022-11-16T13:35:17","slug":"isabel-salgado-um-dos-icones-do-volei-brasileiro-morre-aos-62-anos","status":"publish","type":"post","link":"https:\/\/tvtecjundiai.com.br\/news\/2022\/11\/16\/isabel-salgado-um-dos-icones-do-volei-brasileiro-morre-aos-62-anos\/","title":{"rendered":"Isabel Salgado, um dos \u00edcones do v\u00f4lei brasileiro, morre aos 62 anos"},"content":{"rendered":"\n<p>Isabel Salgado, ex-jogadora de v\u00f4lei da sele\u00e7\u00e3o brasileira, morreu nesta quarta-feira (16), aos 62 anos de idade, em S\u00e3o Paulo. Ela estava internada no Hospital S\u00edrio-Liban\u00eas, na regi\u00e3o central da capital paulista. A causa da morte n\u00e3o foi divulgada.<\/p>\n\n\n\n<p>O hospital e a fam\u00edlia de Isabel ainda n\u00e3o se pronunciaram sobre a morte dela.<\/p>\n\n\n\n<p>Isabel foi uma das principais jogadoras de v\u00f4lei de quadra da sele\u00e7\u00e3o brasileira da d\u00e9cada de 1980, disputou dois Jogos Ol\u00edmpicos e foi dona de seis medalhas em Mundiais.<\/p>\n\n\n\n<p>Ela tamb\u00e9m havia sido anunciada nessa semana como um dos nomes para&nbsp;compor o grupo de esportes da equipe de transi\u00e7\u00e3o&nbsp;do governo Lula. Junto com ela foram nomeados a ex-jogadora de v\u00f4lei Ana Mozer e o ex-jogador de futebol Ra\u00ed.<\/p>\n\n\n\n<p>Maria Isabel Barro Salgado Alencar nasceu no Rio de Janeiro em 2 de agosto de 1960. Come\u00e7ou a jogar v\u00f4lei de quadra no Flamengo. Depois chegou a sele\u00e7\u00e3o brasileira. Participou das olimp\u00edadas de 1980, em Moscou, na extinta Uni\u00e3o das Rep\u00fablicas Socialistas Sovi\u00e9ticas (URSS), e na de 1984, em Los Angeles, nos Estados Unidos da Am\u00e9rica (EUA). Tamb\u00e9m jogou v\u00f4lei de areia.<\/p>\n\n\n\n<p>Isabel deixou cinco filhos: Maria Clara (ex-jogadora de v\u00f4lei de praia), Carol Solberg e Pedro Solberg (jogadores de v\u00f4lei de praia), Pilar Salgado e Alisson.<\/p>\n\n\n\n<p>(Fonte: G1\/ Imagem: Marcia Foletto<\/p>\n","protected":false},"excerpt":{"rendered":"<p>A causa da morte n\u00e3o foi divulgada<\/p>\n","protected":false},"author":27,"featured_media":100960,"comment_status":"closed","ping_status":"0","sticky":false,"template":"","format":"standard","meta":{"footnotes":""},"categories":[1],"tags":[],"class_list":["post-100958","post","type-post","status-publish","format-standard","has-post-thumbnail","hentry","category-noticias"],"_links":{"self":[{"href":"https:\/\/tvtecjundiai.com.br\/news\/wp-json\/wp\/v2\/posts\/100958","targetHints":{"allow":["GET"]}}],"collection":[{"href":"https:\/\/tvtecjundiai.com.br\/news\/wp-json\/wp\/v2\/posts"}],"about":[{"href":"https:\/\/tvtecjundiai.com.br\/news\/wp-json\/wp\/v2\/types\/post"}],"author":[{"embeddable":true,"href":"https:\/\/tvtecjundiai.com.br\/news\/wp-json\/wp\/v2\/users\/27"}],"replies":[{"embeddable":true,"href":"https:\/\/tvtecjundiai.com.br\/news\/wp-json\/wp\/v2\/comments?post=100958"}],"version-history":[{"count":1,"href":"https:\/\/tvtecjundiai.com.br\/news\/wp-json\/wp\/v2\/posts\/100958\/revisions"}],"predecessor-version":[{"id":100962,"href":"https:\/\/tvtecjundiai.com.br\/news\/wp-json\/wp\/v2\/posts\/100958\/revisions\/100962"}],"wp:featuredmedia":[{"embeddable":true,"href":"https:\/\/tvtecjundiai.com.br\/news\/wp-json\/wp\/v2\/media\/100960"}],"wp:attachment":[{"href":"https:\/\/tvtecjundiai.com.br\/news\/wp-json\/wp\/v2\/media?parent=100958"}],"wp:term":[{"taxonomy":"category","embeddable":true,"href":"https:\/\/tvtecjundiai.com.br\/news\/wp-json\/wp\/v2\/categories?post=100958"},{"taxonomy":"post_tag","embeddable":true,"href":"https:\/\/tvtecjundiai.com.br\/news\/wp-json\/wp\/v2\/tags?post=100958"}],"curies":[{"name":"wp","href":"https:\/\/api.w.org\/{rel}","templated":true}]}}