{"id":10096,"date":"2018-05-10T08:28:47","date_gmt":"2018-05-10T11:28:47","guid":{"rendered":"https:\/\/tvtecjundiai.com.br\/news\/?p=10096"},"modified":"2018-05-10T08:47:58","modified_gmt":"2018-05-10T11:47:58","slug":"brasil-tem-mais-de-400-mortes-de-febre-amarela","status":"publish","type":"post","link":"https:\/\/tvtecjundiai.com.br\/news\/2018\/05\/10\/brasil-tem-mais-de-400-mortes-de-febre-amarela\/","title":{"rendered":"Brasil tem mais de 400 mortes de Febre Amarela"},"content":{"rendered":"<div id=\"attachment_5877\" style=\"width: 363px\" class=\"wp-caption alignleft\"><a href=\"https:\/\/tvtecjundiai.com.br\/news\/wp-content\/uploads\/sites\/2\/2018\/01\/febre-amarela-em-sc3a3o-paulo-o-que-vocc3aa-precisa-saber.png\"><img loading=\"lazy\" decoding=\"async\" aria-describedby=\"caption-attachment-5877\" class=\"wp-image-5877\" src=\"https:\/\/tvtecjundiai.com.br\/news\/wp-content\/uploads\/sites\/2\/2018\/01\/febre-amarela-em-sc3a3o-paulo-o-que-vocc3aa-precisa-saber-300x200.png\" alt=\"\" width=\"353\" height=\"235\" srcset=\"https:\/\/tvtecjundiai.com.br\/news\/wp-content\/uploads\/sites\/2\/2018\/01\/febre-amarela-em-sc3a3o-paulo-o-que-vocc3aa-precisa-saber-300x200.png 300w, https:\/\/tvtecjundiai.com.br\/news\/wp-content\/uploads\/sites\/2\/2018\/01\/febre-amarela-em-sc3a3o-paulo-o-que-vocc3aa-precisa-saber-768x511.png 768w, https:\/\/tvtecjundiai.com.br\/news\/wp-content\/uploads\/sites\/2\/2018\/01\/febre-amarela-em-sc3a3o-paulo-o-que-vocc3aa-precisa-saber.png 1000w\" sizes=\"auto, (max-width: 353px) 100vw, 353px\" \/><\/a><p id=\"caption-attachment-5877\" class=\"wp-caption-text\">As campanhas de imuniza\u00e7\u00e3o visam reduzir os casos, que se encontram, em maioria, na regi\u00e3o sudeste<\/p><\/div>\n<p>No Brasil, foram registrados entre Julho de 2017 e\u00a08 de maio de 2018\u00a0409 mortes por febre amarela, informa \u00faltimo boletim epidemiol\u00f3gico divulgado pelo Minist\u00e9rio da Sa\u00fade.\u00a0O minist\u00e9rio investiga ainda 1301 casos. Em rela\u00e7\u00e3o ao boletim do dia 7 de maio, a pasta registra mais 15 mortes. H\u00e1 tamb\u00e9m mais 4 casos em rela\u00e7\u00e3o aos dados anteriores, em que 1257 pacientes com a condi\u00e7\u00e3o foram confirmados.<\/p>\n<p>As mortes e os casos no pa\u00eds v\u00eam aumentando desde que o v\u00edrus da febre amarela passou a circular em outras regi\u00f5es, principalmente no Sudeste &#8212; antes, a doen\u00e7a ocorria mais frequentemente em \u00e1reas da regi\u00e3o amaz\u00f4nica.\u00a0Como no per\u00edodo anterior, o Sudeste registra a maior parte dos casos e \u00f3bitos &#8212; com apenas um epis\u00f3dio ocorrendo fora da regi\u00e3o (no Distrito Federal). S\u00e3o Paulo e Minas Gerais concentram 82% das mortes.<\/p>\n<p>Os casos e \u00f3bitos afetam mais homens em idade economicamente ativa, informa o Minist\u00e9rio da Sa\u00fade. Segundo a pasta, os epis\u00f3dios de febre amarela devem diminuir a partir do inverno; j\u00e1 que a circula\u00e7\u00e3o do v\u00edrus \u00e9 mais frequente em per\u00edodos mais quentes.<\/p>\n<p><em>Fonte: Portal G1<\/em><\/p>\n","protected":false},"excerpt":{"rendered":"<p>Mais de mil casos est\u00e3o em investiga\u00e7\u00e3o, segundo Minist\u00e9rio da Sa\u00fade <\/p>\n","protected":false},"author":11,"featured_media":7793,"comment_status":"closed","ping_status":"closed","sticky":false,"template":"","format":"standard","meta":{"footnotes":""},"categories":[2834,1,2839],"tags":[1903,2605,48,3143,366,3142,556,6],"class_list":["post-10096","post","type-post","status-publish","format-standard","has-post-thumbnail","hentry","category-cidades","category-noticias","category-saude","tag-brasil","tag-casos","tag-febre-amarela","tag-investigacao","tag-ministerio-da-saude","tag-mortes","tag-noticias","tag-saude"],"_links":{"self":[{"href":"https:\/\/tvtecjundiai.com.br\/news\/wp-json\/wp\/v2\/posts\/10096","targetHints":{"allow":["GET"]}}],"collection":[{"href":"https:\/\/tvtecjundiai.com.br\/news\/wp-json\/wp\/v2\/posts"}],"about":[{"href":"https:\/\/tvtecjundiai.com.br\/news\/wp-json\/wp\/v2\/types\/post"}],"author":[{"embeddable":true,"href":"https:\/\/tvtecjundiai.com.br\/news\/wp-json\/wp\/v2\/users\/11"}],"replies":[{"embeddable":true,"href":"https:\/\/tvtecjundiai.com.br\/news\/wp-json\/wp\/v2\/comments?post=10096"}],"version-history":[{"count":2,"href":"https:\/\/tvtecjundiai.com.br\/news\/wp-json\/wp\/v2\/posts\/10096\/revisions"}],"predecessor-version":[{"id":10101,"href":"https:\/\/tvtecjundiai.com.br\/news\/wp-json\/wp\/v2\/posts\/10096\/revisions\/10101"}],"wp:featuredmedia":[{"embeddable":true,"href":"https:\/\/tvtecjundiai.com.br\/news\/wp-json\/wp\/v2\/media\/7793"}],"wp:attachment":[{"href":"https:\/\/tvtecjundiai.com.br\/news\/wp-json\/wp\/v2\/media?parent=10096"}],"wp:term":[{"taxonomy":"category","embeddable":true,"href":"https:\/\/tvtecjundiai.com.br\/news\/wp-json\/wp\/v2\/categories?post=10096"},{"taxonomy":"post_tag","embeddable":true,"href":"https:\/\/tvtecjundiai.com.br\/news\/wp-json\/wp\/v2\/tags?post=10096"}],"curies":[{"name":"wp","href":"https:\/\/api.w.org\/{rel}","templated":true}]}}