{"id":101029,"date":"2022-11-17T13:58:17","date_gmt":"2022-11-17T16:58:17","guid":{"rendered":"https:\/\/tvtecjundiai.com.br\/news\/?p=101029"},"modified":"2022-11-17T13:58:21","modified_gmt":"2022-11-17T16:58:21","slug":"black-friday-79-dos-consumidores-pretendem-fazer-compras","status":"publish","type":"post","link":"https:\/\/tvtecjundiai.com.br\/news\/2022\/11\/17\/black-friday-79-dos-consumidores-pretendem-fazer-compras\/","title":{"rendered":"Black Friday: 79% dos consumidores pretendem fazer compras"},"content":{"rendered":"\n<p>A Black Friday, dia de promo\u00e7\u00f5es no com\u00e9rcio eletr\u00f4nico e no varejo f\u00edsico, j\u00e1 est\u00e1 incorporada no calend\u00e1rio de compras. Este ano, a data t\u00e3o aguardada pelo consumidor acontecer\u00e1 na sexta-feira (25). Segundo pesquisa realizada pela Confedera\u00e7\u00e3o Nacional de Dirigentes Lojistas (CNDL) e pelo Servi\u00e7o de Prote\u00e7\u00e3o ao Cr\u00e9dito (SPC Brasil) em parceria com a Offerwise, 79% dos consumidores pretendem fazer compras na Black Friday, um aumento de 22 pontos percentuais em compara\u00e7\u00e3o ao ano passado.<\/p>\n\n\n\n<p>Conforme o estudo, a principal raz\u00e3o para participar da Black Friday \u00e9 a oportunidade de comprar algo que j\u00e1 estava precisando, por\u00e9m a um pre\u00e7o mais baixo (72%). Em seguida est\u00e1 a vontade de antecipar as compras do Natal a pre\u00e7os mais acess\u00edveis (36%).<\/p>\n\n\n\n<p>Na opini\u00e3o de Edison Maltoni, presidente do Sindicato do Com\u00e9rcio Varejista de Jundia\u00ed e Regi\u00e3o (Sincomercio) e da C\u00e2mara de Dirigentes Lojistas (CDL), o consumidor est\u00e1 cada vez mais habituado \u00e0\u00a0Black\u00a0Friday\u00a0e sabe que pesquisar os pre\u00e7os continua sendo fundamental para garantir boas compras. \u201cO com\u00e9rcio sabe que uma boa experi\u00eancia de compra \u00e9 indispens\u00e1vel para manter o consumidor fiel. Por isso \u00e9 preciso planejar as a\u00e7\u00f5es durante a campanha\u201d, analisa.<\/p>\n\n\n\n<p>\u201cEm termos de promo\u00e7\u00f5es, o varejista pode estudar um hist\u00f3rico para entender quais foram as promo\u00e7\u00f5es que mais fizeram sentido em seu setor, as expectativas de mercado e analisar os concorrentes para poder criar situa\u00e7\u00f5es que sejam interessantes para o consumidor fina. Os descontos podem vir acompanhados de brindes nas embalagens, cart\u00f5es de fidelidade e outras a\u00e7\u00f5es que atraiam o consumidor, como &#8220;leve 3, pague 2&#8221;, por exemplo. Outra dica \u00e9 utilizar promo\u00e7\u00f5es-rel\u00e2mpago em seus canais digitais\u201d, orienta Maltoni.<\/p>\n\n\n<div class=\"wp-block-image\">\n<figure class=\"aligncenter size-large is-resized\"><img loading=\"lazy\" decoding=\"async\" src=\"https:\/\/tvtecjundiai.com.br\/news\/wp-content\/uploads\/sites\/2\/2022\/11\/centro_urbano-102-1200x801.jpg\" alt=\"\" class=\"wp-image-101030\" width=\"734\" height=\"489\" srcset=\"https:\/\/tvtecjundiai.com.br\/news\/wp-content\/uploads\/sites\/2\/2022\/11\/centro_urbano-102-1200x801.jpg 1200w, https:\/\/tvtecjundiai.com.br\/news\/wp-content\/uploads\/sites\/2\/2022\/11\/centro_urbano-102-300x200.jpg 300w, https:\/\/tvtecjundiai.com.br\/news\/wp-content\/uploads\/sites\/2\/2022\/11\/centro_urbano-102-768x512.jpg 768w, https:\/\/tvtecjundiai.com.br\/news\/wp-content\/uploads\/sites\/2\/2022\/11\/centro_urbano-102.jpg 1280w\" sizes=\"auto, (max-width: 734px) 100vw, 734px\" \/><\/figure>\n<\/div>\n\n\n<p><strong>Hor\u00e1rio especial<\/strong><\/p>\n\n\n\n<p>Para promover as vendas na Black Friday, o Sincomercio informa que os lojistas do com\u00e9rcio de rua poder\u00e3o aderir ao hor\u00e1rio especial de atendimento entre os dias 21 e 26 de novembro. O hor\u00e1rio especial est\u00e1 garantido pela cl\u00e1usula 48 da Conven\u00e7\u00e3o Coletiva de Trabalho (CCT), v\u00e1lido pela Semana do Consumidor, que <strong>autoriza o funcionamento das 9h at\u00e9 as 22h de segunda a sexta-feira e das 8h30 at\u00e9 as 18h, aos s\u00e1bados.<\/strong><\/p>\n\n\n\n<p>\u201cA extens\u00e3o do hor\u00e1rio \u00e9 optativa, mas boa parte dos comerciantes demonstra interesse pelas boas expectativas de vendas j\u00e1 que o consumidor conta com as promo\u00e7\u00f5es da campanha para fazer suas compras de final de ano. Outra vantagem \u00e9 a proximidade com o pagamento da primeira parcela do d\u00e9cimo terceiro sal\u00e1rio\u201d, avalia Edison Maltoni. Os shoppings atender\u00e3o em hor\u00e1rio normal.<\/p>\n\n\n\n<p><em><strong>(Fonte: CDL Jundia\u00ed\/Imagem: Prefeitura de Jundia\u00ed)<\/strong><\/em><\/p>\n","protected":false},"excerpt":{"rendered":"<p>Lojistas de Jundia\u00ed poder\u00e3o aderir ao hor\u00e1rio especial estendido entre os dias 21 e 26 de novembro<\/p>\n","protected":false},"author":30,"featured_media":101030,"comment_status":"closed","ping_status":"0","sticky":false,"template":"","format":"standard","meta":{"footnotes":""},"categories":[2834,8356,1],"tags":[],"class_list":["post-101029","post","type-post","status-publish","format-standard","has-post-thumbnail","hentry","category-cidades","category-jundiai","category-noticias"],"_links":{"self":[{"href":"https:\/\/tvtecjundiai.com.br\/news\/wp-json\/wp\/v2\/posts\/101029","targetHints":{"allow":["GET"]}}],"collection":[{"href":"https:\/\/tvtecjundiai.com.br\/news\/wp-json\/wp\/v2\/posts"}],"about":[{"href":"https:\/\/tvtecjundiai.com.br\/news\/wp-json\/wp\/v2\/types\/post"}],"author":[{"embeddable":true,"href":"https:\/\/tvtecjundiai.com.br\/news\/wp-json\/wp\/v2\/users\/30"}],"replies":[{"embeddable":true,"href":"https:\/\/tvtecjundiai.com.br\/news\/wp-json\/wp\/v2\/comments?post=101029"}],"version-history":[{"count":1,"href":"https:\/\/tvtecjundiai.com.br\/news\/wp-json\/wp\/v2\/posts\/101029\/revisions"}],"predecessor-version":[{"id":101031,"href":"https:\/\/tvtecjundiai.com.br\/news\/wp-json\/wp\/v2\/posts\/101029\/revisions\/101031"}],"wp:featuredmedia":[{"embeddable":true,"href":"https:\/\/tvtecjundiai.com.br\/news\/wp-json\/wp\/v2\/media\/101030"}],"wp:attachment":[{"href":"https:\/\/tvtecjundiai.com.br\/news\/wp-json\/wp\/v2\/media?parent=101029"}],"wp:term":[{"taxonomy":"category","embeddable":true,"href":"https:\/\/tvtecjundiai.com.br\/news\/wp-json\/wp\/v2\/categories?post=101029"},{"taxonomy":"post_tag","embeddable":true,"href":"https:\/\/tvtecjundiai.com.br\/news\/wp-json\/wp\/v2\/tags?post=101029"}],"curies":[{"name":"wp","href":"https:\/\/api.w.org\/{rel}","templated":true}]}}