{"id":101038,"date":"2022-11-17T15:00:17","date_gmt":"2022-11-17T18:00:17","guid":{"rendered":"https:\/\/tvtecjundiai.com.br\/news\/?p=101038"},"modified":"2022-11-17T15:00:22","modified_gmt":"2022-11-17T18:00:22","slug":"smart-city-expo-world-destaca-importancia-dos-indicadores-de-governanca","status":"publish","type":"post","link":"https:\/\/tvtecjundiai.com.br\/news\/2022\/11\/17\/smart-city-expo-world-destaca-importancia-dos-indicadores-de-governanca\/","title":{"rendered":"Smart City Expo World destaca import\u00e2ncia dos indicadores de governan\u00e7a"},"content":{"rendered":"\n<p>Em agenda internacional na Smart City Expo World Congress, em Barcelona, Jundia\u00ed esteve representada pelo gestor adjunto de Governo, Jones Martins, em painel sobre indicadores para Cidades Inteligentes, nesta quinta-feira (17). O munic\u00edpio se destaca na gest\u00e3o por indicadores desde a implanta\u00e7\u00e3o do Observat\u00f3rio, em 2017, e conta com aproximadamente 300 indicadores de pol\u00edticas p\u00fablicas acompanhados pela Unidade de Gest\u00e3o de Governo e Finan\u00e7as (UGGF).<\/p>\n\n\n\n<p>\u201cNossa cidade tem \u00f3timos indicadores que se destacam e s\u00e3o at\u00e9 mais robustos do que muitas cidades europeias. Viemos para Barcelona apresentar as oportunidades brasileiras e tamb\u00e9m levar conhecimento para nosso pa\u00eds. Essa integra\u00e7\u00e3o \u00e9 importante para avan\u00e7armos com qualidade\u201d, destaca Jones.<\/p>\n\n\n\n<figure class=\"wp-block-image\"><img decoding=\"async\" src=\"https:\/\/jundiai.sp.gov.br\/noticias\/wp-content\/uploads\/sites\/32\/2022\/11\/espanha1-1133x960.jpeg\" alt=\"DESCRI\u00c7\u00c3O DE IMAGEM: foto do evento internacional, com o gestor adjunto, Jones Martins \u00e0 esquerda, segurando microfone e painel luminoso ao fundo, com informa\u00e7\u00f5es de Jundia\u00ed\" class=\"wp-image-305603\" \/><figcaption class=\"wp-element-caption\">Gestor adjunto de Governo, Jones Martins, apresentou dados de Jundia\u00ed em evento em Barcelona<\/figcaption><\/figure>\n\n\n\n<p>O painel contou, ainda, com a participa\u00e7\u00e3o da Secretaria de Ci\u00eancia, Tecnologia e Inova\u00e7\u00e3o de Campina Grande, Laryssa Almeida, do Especialista em Inova\u00e7\u00e3o e Transforma\u00e7\u00e3o Digital para Governos da CAF, Marcelo Facchina e Raquel Cardamone da Bright Cities.<\/p>\n\n\n\n<p>O Smart City Expo World Congress acontece anualmente na cidade de Barcelona e conta com a participa\u00e7\u00e3o de representantes de 600 pa\u00edses.<\/p>\n\n\n\n<p><strong><em>(Fonte\/Imagem: Prefeitura de Jundia\u00ed)<\/em><\/strong><\/p>\n","protected":false},"excerpt":{"rendered":"<p>O Smart City Expo World Congress acontece anualmente na cidade de Barcelona e conta com a participa\u00e7\u00e3o de representantes de 600 pa\u00edses.<\/p>\n","protected":false},"author":27,"featured_media":101039,"comment_status":"closed","ping_status":"0","sticky":false,"template":"","format":"standard","meta":{"footnotes":""},"categories":[8356],"tags":[],"class_list":["post-101038","post","type-post","status-publish","format-standard","has-post-thumbnail","hentry","category-jundiai"],"_links":{"self":[{"href":"https:\/\/tvtecjundiai.com.br\/news\/wp-json\/wp\/v2\/posts\/101038","targetHints":{"allow":["GET"]}}],"collection":[{"href":"https:\/\/tvtecjundiai.com.br\/news\/wp-json\/wp\/v2\/posts"}],"about":[{"href":"https:\/\/tvtecjundiai.com.br\/news\/wp-json\/wp\/v2\/types\/post"}],"author":[{"embeddable":true,"href":"https:\/\/tvtecjundiai.com.br\/news\/wp-json\/wp\/v2\/users\/27"}],"replies":[{"embeddable":true,"href":"https:\/\/tvtecjundiai.com.br\/news\/wp-json\/wp\/v2\/comments?post=101038"}],"version-history":[{"count":1,"href":"https:\/\/tvtecjundiai.com.br\/news\/wp-json\/wp\/v2\/posts\/101038\/revisions"}],"predecessor-version":[{"id":101040,"href":"https:\/\/tvtecjundiai.com.br\/news\/wp-json\/wp\/v2\/posts\/101038\/revisions\/101040"}],"wp:featuredmedia":[{"embeddable":true,"href":"https:\/\/tvtecjundiai.com.br\/news\/wp-json\/wp\/v2\/media\/101039"}],"wp:attachment":[{"href":"https:\/\/tvtecjundiai.com.br\/news\/wp-json\/wp\/v2\/media?parent=101038"}],"wp:term":[{"taxonomy":"category","embeddable":true,"href":"https:\/\/tvtecjundiai.com.br\/news\/wp-json\/wp\/v2\/categories?post=101038"},{"taxonomy":"post_tag","embeddable":true,"href":"https:\/\/tvtecjundiai.com.br\/news\/wp-json\/wp\/v2\/tags?post=101038"}],"curies":[{"name":"wp","href":"https:\/\/api.w.org\/{rel}","templated":true}]}}