{"id":101051,"date":"2022-11-17T17:21:33","date_gmt":"2022-11-17T20:21:33","guid":{"rendered":"https:\/\/tvtecjundiai.com.br\/news\/?p=101051"},"modified":"2022-11-17T17:21:40","modified_gmt":"2022-11-17T20:21:40","slug":"cultura-abre-novas-vagas-para-oficina-de-sling-para-bebes-na-fabrica-das-infancias-japy","status":"publish","type":"post","link":"https:\/\/tvtecjundiai.com.br\/news\/2022\/11\/17\/cultura-abre-novas-vagas-para-oficina-de-sling-para-bebes-na-fabrica-das-infancias-japy\/","title":{"rendered":"<strong>Cultura abre novas vagas para oficina de \u2018sling para beb\u00eas\u2019 na F\u00e1brica das Inf\u00e2ncias Japy<\/strong>"},"content":{"rendered":"\n<p>A Unidade de Gest\u00e3o de Cultura (UGC) abriu novas inscri\u00e7\u00f5es gratuitas para turma de oficina \u201cO Carregar \u2013 Um pano e muito acolhimento\u201d de sling para beb\u00eas. Dentro da proposta do programa municipal Cidade das Crian\u00e7as, a oficina desta vez conta com dez vagas \u00e9 voltada para fam\u00edlias ou cuidadores com beb\u00eas (rec\u00e9m-nascidos at\u00e9 seis meses), que devem participar dos encontros.<\/p>\n\n\n\n<p><a href=\"https:\/\/docs.google.com\/forms\/d\/e\/1FAIpQLSeiKf7S-t1IicX0Nk6WMLIqyy6y1WP1x8VkS9cyu6L_Wr6KMw\/viewform\" target=\"_blank\" rel=\"noreferrer noopener\">FA\u00c7A SUA INSCRI\u00c7\u00c3O<\/a><\/p>\n\n\n\n<p>Durante os quatro encontros, a professora \u00c9rica Bigheto ir\u00e1 abordar diversas pr\u00e1ticas com o sling, desde a produ\u00e7\u00e3o artesanal da pe\u00e7a at\u00e9 o carregar em posi\u00e7\u00f5es diversas e amamentar.<\/p>\n\n\n\n<p>A oficina ser\u00e1 sempre \u00e0s ter\u00e7as-feiras \u2013 nos dias 22 e 29 de novembro e 06 e 13 de dezembro, das 10h \u00e0s 11h30, na F\u00e1brica das Inf\u00e2ncias Japy. Al\u00e9m das inscri\u00e7\u00f5es e participa\u00e7\u00e3o gratuitas, o material utilizado na oficina tamb\u00e9m ser\u00e1 fornecido.<\/p>\n\n\n\n<p>A F\u00e1brica das Inf\u00e2ncias Japy fica na rua Lacerda Franco, 175 \u2013 vila Arens. Mais informa\u00e7\u00f5es pelo telefone 4521-0971.<\/p>\n\n\n\n<figure class=\"wp-block-image\"><img decoding=\"async\" src=\"https:\/\/jundiai.sp.gov.br\/noticias\/wp-content\/uploads\/sites\/32\/2022\/11\/sling-para-bebes_fabrica-das-infancias-japy-146.jpg\" alt=\"\" class=\"wp-image-305618\" \/><figcaption class=\"wp-element-caption\">Os quatro encontros ser\u00e3o realizados \u00e0s ter\u00e7as-feiras, a partir das 10h, na F\u00e1brica das Inf\u00e2ncias Japy<\/figcaption><\/figure>\n\n\n\n<p><strong><em>(Fonte\/Imagem: Prefeitura de Jundia\u00ed)<\/em><\/strong><\/p>\n","protected":false},"excerpt":{"rendered":"<p>A oficina desta vez conta com dez vagas \u00e9 voltada para fam\u00edlias ou cuidadores com beb\u00eas.<\/p>\n","protected":false},"author":27,"featured_media":101052,"comment_status":"closed","ping_status":"0","sticky":false,"template":"","format":"standard","meta":{"footnotes":""},"categories":[8356],"tags":[],"class_list":["post-101051","post","type-post","status-publish","format-standard","has-post-thumbnail","hentry","category-jundiai"],"_links":{"self":[{"href":"https:\/\/tvtecjundiai.com.br\/news\/wp-json\/wp\/v2\/posts\/101051","targetHints":{"allow":["GET"]}}],"collection":[{"href":"https:\/\/tvtecjundiai.com.br\/news\/wp-json\/wp\/v2\/posts"}],"about":[{"href":"https:\/\/tvtecjundiai.com.br\/news\/wp-json\/wp\/v2\/types\/post"}],"author":[{"embeddable":true,"href":"https:\/\/tvtecjundiai.com.br\/news\/wp-json\/wp\/v2\/users\/27"}],"replies":[{"embeddable":true,"href":"https:\/\/tvtecjundiai.com.br\/news\/wp-json\/wp\/v2\/comments?post=101051"}],"version-history":[{"count":1,"href":"https:\/\/tvtecjundiai.com.br\/news\/wp-json\/wp\/v2\/posts\/101051\/revisions"}],"predecessor-version":[{"id":101053,"href":"https:\/\/tvtecjundiai.com.br\/news\/wp-json\/wp\/v2\/posts\/101051\/revisions\/101053"}],"wp:featuredmedia":[{"embeddable":true,"href":"https:\/\/tvtecjundiai.com.br\/news\/wp-json\/wp\/v2\/media\/101052"}],"wp:attachment":[{"href":"https:\/\/tvtecjundiai.com.br\/news\/wp-json\/wp\/v2\/media?parent=101051"}],"wp:term":[{"taxonomy":"category","embeddable":true,"href":"https:\/\/tvtecjundiai.com.br\/news\/wp-json\/wp\/v2\/categories?post=101051"},{"taxonomy":"post_tag","embeddable":true,"href":"https:\/\/tvtecjundiai.com.br\/news\/wp-json\/wp\/v2\/tags?post=101051"}],"curies":[{"name":"wp","href":"https:\/\/api.w.org\/{rel}","templated":true}]}}