{"id":101060,"date":"2022-11-17T17:47:40","date_gmt":"2022-11-17T20:47:40","guid":{"rendered":"https:\/\/tvtecjundiai.com.br\/news\/?p=101060"},"modified":"2022-11-17T17:47:47","modified_gmt":"2022-11-17T20:47:47","slug":"jundiai-registrou-dois-obitos-por-covid-19-nesta-quinta-feira-17","status":"publish","type":"post","link":"https:\/\/tvtecjundiai.com.br\/news\/2022\/11\/17\/jundiai-registrou-dois-obitos-por-covid-19-nesta-quinta-feira-17\/","title":{"rendered":"Jundia\u00ed registrou dois \u00f3bitos por COVID-19 nesta quinta-feira (17)"},"content":{"rendered":"\n<p>A Prefeitura de Jundia\u00ed informa que, nesta quinta-feira (17), recebeu a notifica\u00e7\u00e3o de 2 \u00f3bitos de residentes na cidade causados pelo Novo Coronav\u00edrus, at\u00e9 o fechamento deste boletim.<\/p>\n\n\n\n<p>Mulher, 102 anos, sem comorbidades. \u00d3bito registrado em 13\/11 em hospital privado do munic\u00edpio.<\/p>\n\n\n\n<p>Homem, 65, portador de comorbidades. \u00d3bito registrado em 17\/11 no Hospital S\u00e3o Vicente de Paulo.<\/p>\n\n\n\n<p>At\u00e9 o momento, a cidade registra 1.823 \u00f3bitos causados pela COVID-19 desde o in\u00edcio da pandemia.<\/p>\n\n\n\n<p>O boletim completo com todas as informa\u00e7\u00f5es, dispon\u00edvel no site da Prefeitura, \u00e9 atualizado \u00e0s segundas-feiras.<\/p>\n\n\n\n<p><em><strong>(Fonte: Prefeitura de Jundia\u00ed)<\/strong><\/em><\/p>\n","protected":false},"excerpt":{"rendered":"<p>At\u00e9 o momento, a cidade registra 1.823 \u00f3bitos causados pela COVID-19 desde o in\u00edcio da pandemia.<\/p>\n","protected":false},"author":27,"featured_media":65173,"comment_status":"closed","ping_status":"0","sticky":false,"template":"","format":"standard","meta":{"footnotes":""},"categories":[8356],"tags":[],"class_list":["post-101060","post","type-post","status-publish","format-standard","has-post-thumbnail","hentry","category-jundiai"],"_links":{"self":[{"href":"https:\/\/tvtecjundiai.com.br\/news\/wp-json\/wp\/v2\/posts\/101060","targetHints":{"allow":["GET"]}}],"collection":[{"href":"https:\/\/tvtecjundiai.com.br\/news\/wp-json\/wp\/v2\/posts"}],"about":[{"href":"https:\/\/tvtecjundiai.com.br\/news\/wp-json\/wp\/v2\/types\/post"}],"author":[{"embeddable":true,"href":"https:\/\/tvtecjundiai.com.br\/news\/wp-json\/wp\/v2\/users\/27"}],"replies":[{"embeddable":true,"href":"https:\/\/tvtecjundiai.com.br\/news\/wp-json\/wp\/v2\/comments?post=101060"}],"version-history":[{"count":1,"href":"https:\/\/tvtecjundiai.com.br\/news\/wp-json\/wp\/v2\/posts\/101060\/revisions"}],"predecessor-version":[{"id":101061,"href":"https:\/\/tvtecjundiai.com.br\/news\/wp-json\/wp\/v2\/posts\/101060\/revisions\/101061"}],"wp:featuredmedia":[{"embeddable":true,"href":"https:\/\/tvtecjundiai.com.br\/news\/wp-json\/wp\/v2\/media\/65173"}],"wp:attachment":[{"href":"https:\/\/tvtecjundiai.com.br\/news\/wp-json\/wp\/v2\/media?parent=101060"}],"wp:term":[{"taxonomy":"category","embeddable":true,"href":"https:\/\/tvtecjundiai.com.br\/news\/wp-json\/wp\/v2\/categories?post=101060"},{"taxonomy":"post_tag","embeddable":true,"href":"https:\/\/tvtecjundiai.com.br\/news\/wp-json\/wp\/v2\/tags?post=101060"}],"curies":[{"name":"wp","href":"https:\/\/api.w.org\/{rel}","templated":true}]}}