{"id":101270,"date":"2022-11-22T12:39:45","date_gmt":"2022-11-22T15:39:45","guid":{"rendered":"https:\/\/tvtecjundiai.com.br\/news\/?p=101270"},"modified":"2022-11-22T12:39:52","modified_gmt":"2022-11-22T15:39:52","slug":"zumbiteca-abre-programacao-da-semana-na-bnf","status":"publish","type":"post","link":"https:\/\/tvtecjundiai.com.br\/news\/2022\/11\/22\/zumbiteca-abre-programacao-da-semana-na-bnf\/","title":{"rendered":"ZumbiTeca abre programa\u00e7\u00e3o da semana na BNF"},"content":{"rendered":"\n<p>O audit\u00f3rio da Biblioteca P\u00fablica Municipal Professor Nelson Foot (BNF) ficou lotado na noite de segunda-feira (21), quando da realiza\u00e7\u00e3o do \u201cSarau L\u00edtero-Musical\u201d, marcando assim, a abertura oficial do Projeto ZumbiTeca, que esse ano alcan\u00e7a seu sexto ano, uma a\u00e7\u00e3o desencadeada pela Unidade de Gest\u00e3o de Cultura (UGC), integrada a a programa\u00e7\u00e3o oficial da Prefeitura de Jundia\u00ed, \u201cNovembro Negro\u201d, promo\u00e7\u00e3o da Unidade de Gest\u00e3o da Casa Civil e Assessoria de Pol\u00edticas para a Igualdade Racial.<\/p>\n\n\n\n<p>Para o gestor de Cultura, Marcelo Peroni, a edi\u00e7\u00e3o 2022 da ZumbiTeca consolida um projeto que nasceu da vontade de dois servidores da BNF, Tania Henrique e Everton Souza, que desejavam uma maior participa\u00e7\u00e3o da comunidade negra no espa\u00e7o Biblioteca. \u201cEsse ano a a\u00e7\u00e3o alcan\u00e7a agora m\u00faltiplas possibilidades dentro do afro urbano, despertando nos cidad\u00e3os afrodescendentes de Jundia\u00ed o empoderamento de seus direitos e de pertencimento dos espa\u00e7os p\u00fablicos da cidade\u201d, comentou o gestor.<\/p>\n\n\n\n<figure class=\"wp-block-image size-large\"><img loading=\"lazy\" decoding=\"async\" width=\"1200\" height=\"900\" src=\"https:\/\/tvtecjundiai.com.br\/news\/wp-content\/uploads\/sites\/2\/2022\/11\/imagem-do-whatsapp-de-2022-11-22-as-09-28-19-1200x900.jpg\" alt=\"\" class=\"wp-image-101271\" srcset=\"https:\/\/tvtecjundiai.com.br\/news\/wp-content\/uploads\/sites\/2\/2022\/11\/imagem-do-whatsapp-de-2022-11-22-as-09-28-19-1200x900.jpg 1200w, https:\/\/tvtecjundiai.com.br\/news\/wp-content\/uploads\/sites\/2\/2022\/11\/imagem-do-whatsapp-de-2022-11-22-as-09-28-19-300x225.jpg 300w, https:\/\/tvtecjundiai.com.br\/news\/wp-content\/uploads\/sites\/2\/2022\/11\/imagem-do-whatsapp-de-2022-11-22-as-09-28-19-768x576.jpg 768w, https:\/\/tvtecjundiai.com.br\/news\/wp-content\/uploads\/sites\/2\/2022\/11\/imagem-do-whatsapp-de-2022-11-22-as-09-28-19.jpg 1280w\" sizes=\"auto, (max-width: 1200px) 100vw, 1200px\" \/><figcaption class=\"wp-element-caption\">Tania Henrique e Everton Souza idealizadores do projeto<br><\/figcaption><\/figure>\n\n\n\n<p>A ZumbiTeca \u2013 continuou Peroni \u2013 ressignificou seu papel trazendo um novo olhar para os seus conte\u00fados e a\u00e7\u00f5es produzidas. \u201cDesde que a UGC assumiu a administra\u00e7\u00e3o da Biblioteca em janeiro de 2022, o Projeto ZumbiTeca vem sendo desenvolvido durante todo ano, com a\u00e7\u00f5es diversas sobre a tem\u00e1tica negra e n\u00e3o apenas em novembro, quando da comemora\u00e7\u00e3o do Dia da Consci\u00eancia Negra. Novembro tem que ser o ponto alto da programa\u00e7\u00e3o e \u00e9 isso que estamos realizando\u201d, concluiu.<\/p>\n\n\n\n<figure class=\"wp-block-image size-large\"><img loading=\"lazy\" decoding=\"async\" width=\"1200\" height=\"900\" src=\"https:\/\/tvtecjundiai.com.br\/news\/wp-content\/uploads\/sites\/2\/2022\/11\/imagem-do-whatsapp-de-2022-11-22-as-09-28-33-1200x900.jpg\" alt=\"\" class=\"wp-image-101272\" srcset=\"https:\/\/tvtecjundiai.com.br\/news\/wp-content\/uploads\/sites\/2\/2022\/11\/imagem-do-whatsapp-de-2022-11-22-as-09-28-33-1200x900.jpg 1200w, https:\/\/tvtecjundiai.com.br\/news\/wp-content\/uploads\/sites\/2\/2022\/11\/imagem-do-whatsapp-de-2022-11-22-as-09-28-33-300x225.jpg 300w, https:\/\/tvtecjundiai.com.br\/news\/wp-content\/uploads\/sites\/2\/2022\/11\/imagem-do-whatsapp-de-2022-11-22-as-09-28-33-768x576.jpg 768w, https:\/\/tvtecjundiai.com.br\/news\/wp-content\/uploads\/sites\/2\/2022\/11\/imagem-do-whatsapp-de-2022-11-22-as-09-28-33.jpg 1280w\" sizes=\"auto, (max-width: 1200px) 100vw, 1200px\" \/><figcaption class=\"wp-element-caption\">Alguns dos convidados da abertura<br><\/figcaption><\/figure>\n\n\n\n<p>Para a abertura da ZumbiTeca, foram programadas apresenta\u00e7\u00f5es de dan\u00e7a, com o bailarino, core\u00f3grafo e estudioso do Hip Hop, Michel Trindade, o Tch\u00ea. E a dan\u00e7a do ventre com a influ\u00eancia da m\u00fasica negra e ind\u00edgena, apresentada por Melissa Souza. Canto coral, com pe\u00e7as de compositores negros e can\u00e7\u00f5es africanas, apresentadas pelo Coral Afro Griot \u2013 Canto de um povo, que fez o p\u00fablico cantar junto, sucessos de Sandra de S\u00e1, Milton Nascimento, entre outros. Teve ainda a participa\u00e7\u00e3o dos integrantes do grupo de Capoeira Brasil, que ao som do berimbau e do pandeiro, contaram com o acompanhamento das palmas da plateia, quando da mostra das cantigas de roda da capoeira.<\/p>\n\n\n\n<p>A poeta, escritora e comunicadora Mel Duarte, com sua voz poderosa apresentou tr\u00eas dos seus poemas, onde a tem\u00e1tica da mulher negra, da resist\u00eancia negra e da ancestralidade de um povo trouxeram para a noite da abertura da ZumbiTeca a import\u00e2ncia de a\u00e7\u00f5es que promovam o amplo debate sobre o tema, algo que se desenvolve na cidade.<\/p>\n\n\n\n<p>A noite ainda contou com apresenta\u00e7\u00e3o do m\u00fasico instrumentista, Big Chico. O \u201cmestre das gaitas\u201d, contou um pouco da sua hist\u00f3ria de vida, da sua luta e da carreira que ganhou os palcos n\u00e3o s\u00f3 do Brasil, mas tamb\u00e9m do exterior. Para encerrar sua participa\u00e7\u00e3o, brindou o p\u00fablico com dois sucessos \u201c What a wonderful word\u201d, can\u00e7\u00e3o imortalizada por Louis Armstrong e \u201cAzul da Cor do Mar\u201d, de Tim Maia.<\/p>\n\n\n\n<p>\u201cA Hist\u00f3ria do Samba &amp; Sambaviv\u00eancias\u201d encerrou as apresenta\u00e7\u00f5es no palco do audit\u00f3rio da BNF. A ex-rainha de Carnaval de Jundia\u00ed, J\u00e9ssica Tamires de Almeida, mostrou o samba no p\u00e9, enquanto o cofundador da Afrovet, rede de m\u00e9dicos veterin\u00e1rios e estudantes negros, Augusto Renan Rocha Severo dos Santos, apresentou um apanhado da evolu\u00e7\u00e3o do samba.<\/p>\n\n\n\n<p><strong>Exposi\u00e7\u00e3o<\/strong><\/p>\n\n\n\n<p>A segunda parte do programa foi a abertura da exposi\u00e7\u00e3o \u201cUrbanidade Negra\u201d, que teve a curadoria do professor dr. Clayton Messias, especialista na cultura Hip Hop e cenografia assinada por Wilson Aguiar.<\/p>\n\n\n\n<p>A exposi\u00e7\u00e3o re\u00fane de maneira art\u00edstica o protagonismo da Cultura Negra nas cidades, por meio das manifesta\u00e7\u00f5es musicais, moda, religi\u00e3o, arte e tamb\u00e9m nos costumes.<\/p>\n\n\n\n<p>\u201cUrbanidade Negra\u201d busca evidenciar a cultura Afro-brasileira em suas diversas vertentes art\u00edsticas, ilustrando e refor\u00e7ando a presen\u00e7a da identidade negra na composi\u00e7\u00e3o cultural do brasileiro, por isso incluir na noite de abertura a gastronomia, com a participa\u00e7\u00e3o de Mona e Dandara, com a interven\u00e7\u00e3o cultural \u201c Baiana vendedora de acaraj\u00e9s\u201d, brindando o p\u00fablico na sa\u00edda da exposi\u00e7\u00e3o com deliciosos acaraj\u00e9s.<\/p>\n\n\n\n<p>O p\u00fablico poder\u00e1 visitar a exposi\u00e7\u00e3o gratuitamente at\u00e9 janeiro, sempre de segunda a sexta-feira, das 9h \u00e0s 21h e aos s\u00e1bados das 9h \u00e0s 13h. A Biblioteca est\u00e1 localizada dentro do Complexo Argos \u2013 avenida Dr. Cavalcanti, 396 \u2013 Vila Arens.<\/p>\n\n\n\n<p><strong>Programa\u00e7\u00e3o<\/strong><\/p>\n\n\n\n<p>O projeto ZumbiTeca ainda re\u00fane a\u00e7\u00f5es como Rodas de Conversa. A primeira aconteceu na tarde de segunda-feira (21), com a participa\u00e7\u00e3o do professor Clayton Messias, da poeta e slamer, Mel Duarte e o m\u00fasico saxofonista D\u00f4 de Carvalho. O tema\u00a0<strong>\u201cPoesia para resistir: uma introdu\u00e7\u00e3o ao Poetry Slam\u201d<\/strong>, trouxe a proposta de responder algumas quest\u00f5es essenciais sobre a poesia Slam e o formato deste tipo de evento po\u00e9tico. Como e onde nasceu este conceito, por que existem regras e qual o objetivo de haver pontua\u00e7\u00e3o atribu\u00edda pelo p\u00fablico. Como escrever de forma livre e desbloquear o canal entre a mente e o papel.<\/p>\n\n\n\n<figure class=\"wp-block-gallery has-nested-images columns-default is-cropped wp-block-gallery-1 is-layout-flex wp-block-gallery-is-layout-flex\">\n<figure class=\"wp-block-image size-large\"><img loading=\"lazy\" decoding=\"async\" width=\"1200\" height=\"800\" data-id=\"101274\" src=\"https:\/\/tvtecjundiai.com.br\/news\/wp-content\/uploads\/sites\/2\/2022\/11\/novembro-negro-semana-da-consciencia-negra-2022-6-zumbiteca-clayton-messias-e-a-poetisa-mel-duarte_fm_-28-Copia-1200x800.jpg\" alt=\"\" class=\"wp-image-101274\" srcset=\"https:\/\/tvtecjundiai.com.br\/news\/wp-content\/uploads\/sites\/2\/2022\/11\/novembro-negro-semana-da-consciencia-negra-2022-6-zumbiteca-clayton-messias-e-a-poetisa-mel-duarte_fm_-28-Copia-1200x800.jpg 1200w, https:\/\/tvtecjundiai.com.br\/news\/wp-content\/uploads\/sites\/2\/2022\/11\/novembro-negro-semana-da-consciencia-negra-2022-6-zumbiteca-clayton-messias-e-a-poetisa-mel-duarte_fm_-28-Copia-300x200.jpg 300w, https:\/\/tvtecjundiai.com.br\/news\/wp-content\/uploads\/sites\/2\/2022\/11\/novembro-negro-semana-da-consciencia-negra-2022-6-zumbiteca-clayton-messias-e-a-poetisa-mel-duarte_fm_-28-Copia-768x512.jpg 768w, https:\/\/tvtecjundiai.com.br\/news\/wp-content\/uploads\/sites\/2\/2022\/11\/novembro-negro-semana-da-consciencia-negra-2022-6-zumbiteca-clayton-messias-e-a-poetisa-mel-duarte_fm_-28-Copia.jpg 1280w\" sizes=\"auto, (max-width: 1200px) 100vw, 1200px\" \/><figcaption class=\"wp-element-caption\">Prof Clayton Duarte e o m\u00fasico D\u00ea de Carvalho<br><\/figcaption><\/figure>\n\n\n\n<figure class=\"wp-block-image size-large\"><img loading=\"lazy\" decoding=\"async\" width=\"1200\" height=\"800\" data-id=\"101273\" src=\"https:\/\/tvtecjundiai.com.br\/news\/wp-content\/uploads\/sites\/2\/2022\/11\/novembro-negro-semana-da-consciencia-negra-2022-6-zumbiteca-clayton-messias-e-a-poetisa-mel-duarte_fm_-20-Copia-1200x800.jpg\" alt=\"\" class=\"wp-image-101273\" srcset=\"https:\/\/tvtecjundiai.com.br\/news\/wp-content\/uploads\/sites\/2\/2022\/11\/novembro-negro-semana-da-consciencia-negra-2022-6-zumbiteca-clayton-messias-e-a-poetisa-mel-duarte_fm_-20-Copia-1200x800.jpg 1200w, https:\/\/tvtecjundiai.com.br\/news\/wp-content\/uploads\/sites\/2\/2022\/11\/novembro-negro-semana-da-consciencia-negra-2022-6-zumbiteca-clayton-messias-e-a-poetisa-mel-duarte_fm_-20-Copia-300x200.jpg 300w, https:\/\/tvtecjundiai.com.br\/news\/wp-content\/uploads\/sites\/2\/2022\/11\/novembro-negro-semana-da-consciencia-negra-2022-6-zumbiteca-clayton-messias-e-a-poetisa-mel-duarte_fm_-20-Copia-768x512.jpg 768w, https:\/\/tvtecjundiai.com.br\/news\/wp-content\/uploads\/sites\/2\/2022\/11\/novembro-negro-semana-da-consciencia-negra-2022-6-zumbiteca-clayton-messias-e-a-poetisa-mel-duarte_fm_-20-Copia.jpg 1280w\" sizes=\"auto, (max-width: 1200px) 100vw, 1200px\" \/><figcaption class=\"wp-element-caption\">Mel Duarte abriu a Roda de Conversa 2022 da ZumbiTeca<br><\/figcaption><\/figure>\n<\/figure>\n\n\n\n<p>Mais a\u00e7\u00f5es est\u00e3o programadas para acontecerem nos espa\u00e7os da biblioteca, acompanhe:<\/p>\n\n\n\n<p><strong>Dia 22 (ter\u00e7a-feira)<\/strong><\/p>\n\n\n\n<p><strong>19h30 \u2013 \u201cRoda de Conversa: Hist\u00f3ria, uso e simbologia do turbante\u201d<\/strong>&nbsp;\u2013 Com as alunas do curso de Moda do Senac Jundia\u00ed, Fabiana Camargo e Flavia dos Santos Ferreira, sob a orienta\u00e7\u00e3o das professoras Marina Carmelo e Rosana Tsurusawa. A proposta \u00e9 resgatar as ra\u00edzes do turbante como objeto de resist\u00eancia, empoderamento e pertencimento.<\/p>\n\n\n\n<p><strong>20h30 \u2013 \u201cDesfile de Turbantes\u201d<\/strong>&nbsp;\u2013 a\u00e7\u00e3o organizada pelos alunos do curso de Moda do Senac Jundia\u00ed. Com a utiliza\u00e7\u00e3o de estamparia com s\u00edmbolos africanos, os alunos apresentam um desfile de turbantes.<\/p>\n\n\n\n<p><strong>Dia 23 (quarta-feira)<\/strong><\/p>\n\n\n\n<p><strong>18h30 \u2013 \u201cAbertura da Exposi\u00e7\u00e3o do Coletivo Recicla A\u00ed\u201d<\/strong>&nbsp;\u2013 Formado por quatro artistas negros jundiaienses: Ad\u00e3o Fernando, Alan Silva, Gustavo Lacerda e Joel&nbsp;Oliveira, que criam suas obras com materiais encontrados na natureza, que depois de reciclados, transformam-se em obras de arte, al\u00e9m de contribu\u00edrem diretamente com a preserva\u00e7\u00e3o do meio ambiente. A mostra poder\u00e1 ser visitada pelo p\u00fablico at\u00e9 o dia 30.<\/p>\n\n\n\n<p><strong>19h \u2013 \u201cRoda de Conversa: As ra\u00edzes da Cultura Afro-brasileira na Arte Urbana\u201d<\/strong>&nbsp;\u2013 &nbsp;Com media\u00e7\u00e3o do professor Clayton Messias bate papo sobre a arte de rua como um canal de comunica\u00e7\u00e3o e dissemina\u00e7\u00e3o da Cultura Afro-brasileira.<\/p>\n\n\n\n<p><strong>Dia 25 (sexta-feira)<\/strong><\/p>\n\n\n\n<p><strong>19h \u2013 \u201cBate-papo Liter\u00e1rio: Afrodescend\u00eancia na Literatura Brasileira\u201d<\/strong>\u00a0\u2013 O autor Pl\u00ednio Camilo comanda um bate-papo com o objetivo de refletir sobre as origens negras na Literatura Brasileira e como ela \u00e9 reconhecida na contemporaneidade.<\/p>\n\n\n\n<p><strong><em>( Fonte\/ Imagens: Prefeitura de Jundia\u00ed)<\/em><\/strong><\/p>\n","protected":false},"excerpt":{"rendered":"<p>Para a abertura da ZumbiTeca, foram programadas apresenta\u00e7\u00f5es de dan\u00e7a, com o bailarino, core\u00f3grafo e estudioso do Hip Hop, Michel Trindade, o Tch\u00ea.<\/p>\n","protected":false},"author":27,"featured_media":101271,"comment_status":"closed","ping_status":"0","sticky":false,"template":"","format":"standard","meta":{"footnotes":""},"categories":[3076,8356,1],"tags":[],"class_list":["post-101270","post","type-post","status-publish","format-standard","has-post-thumbnail","hentry","category-entretenimento","category-jundiai","category-noticias"],"_links":{"self":[{"href":"https:\/\/tvtecjundiai.com.br\/news\/wp-json\/wp\/v2\/posts\/101270","targetHints":{"allow":["GET"]}}],"collection":[{"href":"https:\/\/tvtecjundiai.com.br\/news\/wp-json\/wp\/v2\/posts"}],"about":[{"href":"https:\/\/tvtecjundiai.com.br\/news\/wp-json\/wp\/v2\/types\/post"}],"author":[{"embeddable":true,"href":"https:\/\/tvtecjundiai.com.br\/news\/wp-json\/wp\/v2\/users\/27"}],"replies":[{"embeddable":true,"href":"https:\/\/tvtecjundiai.com.br\/news\/wp-json\/wp\/v2\/comments?post=101270"}],"version-history":[{"count":1,"href":"https:\/\/tvtecjundiai.com.br\/news\/wp-json\/wp\/v2\/posts\/101270\/revisions"}],"predecessor-version":[{"id":101275,"href":"https:\/\/tvtecjundiai.com.br\/news\/wp-json\/wp\/v2\/posts\/101270\/revisions\/101275"}],"wp:featuredmedia":[{"embeddable":true,"href":"https:\/\/tvtecjundiai.com.br\/news\/wp-json\/wp\/v2\/media\/101271"}],"wp:attachment":[{"href":"https:\/\/tvtecjundiai.com.br\/news\/wp-json\/wp\/v2\/media?parent=101270"}],"wp:term":[{"taxonomy":"category","embeddable":true,"href":"https:\/\/tvtecjundiai.com.br\/news\/wp-json\/wp\/v2\/categories?post=101270"},{"taxonomy":"post_tag","embeddable":true,"href":"https:\/\/tvtecjundiai.com.br\/news\/wp-json\/wp\/v2\/tags?post=101270"}],"curies":[{"name":"wp","href":"https:\/\/api.w.org\/{rel}","templated":true}]}}