{"id":101307,"date":"2022-11-22T17:15:37","date_gmt":"2022-11-22T20:15:37","guid":{"rendered":"https:\/\/tvtecjundiai.com.br\/news\/?p=101307"},"modified":"2022-11-22T17:15:42","modified_gmt":"2022-11-22T20:15:42","slug":"no-parque-da-uva-empresa-realiza-processo-seletivo-para-100-vagas-temporarias","status":"publish","type":"post","link":"https:\/\/tvtecjundiai.com.br\/news\/2022\/11\/22\/no-parque-da-uva-empresa-realiza-processo-seletivo-para-100-vagas-temporarias\/","title":{"rendered":"No Parque da Uva, empresa realiza processo seletivo para 100 vagas tempor\u00e1rias"},"content":{"rendered":"\n<p>Com a parceria do portal Jundia\u00ed Empreendedora, da Unidade de Desenvolvimento Econ\u00f4mico, Ci\u00eancia e Tecnologia (UGDECT), o Grupo Sertec Recursos Humanos, empresa do segmento de Recrutamento e Sele\u00e7\u00e3o, realiza processo seletivo para o preenchimento de 100 vagas tempor\u00e1rias para a fun\u00e7\u00e3o de conferente de carga e descarga. A a\u00e7\u00e3o ser\u00e1 realizada, nesta quarta-feira (23), \u00e0s 9h30, no Parque Comendador Antonio Carbonari \u2013 Parque da Uva.<\/p>\n\n\n\n<p>Os interessados nas oportunidades dever\u00e3o ter Ensino Fundamental Incompleto (a partir da 5\u00aa s\u00e9rie) e residir em Jundia\u00ed. N\u00e3o \u00e9 necess\u00e1rio ter experi\u00eancia, sendo tamb\u00e9m uma possibilidade para o primeiro emprego. Para participar do processo seletivo, o candidato deve comparecer com curr\u00edculo impresso, Carteira de Trabalho e Previd\u00eancia Social (CTPS), RG e CPF.<\/p>\n\n\n\n<p>O processo seletivo acontece no Pavilh\u00e3o 1 do Parque da Uva. O acesso ser\u00e1 pelo port\u00e3o 7, na Avenida Comandante Videlmo Munhoz, pr\u00f3ximo ao Bol\u00e3o.<\/p>\n\n\n\n<p><em><strong>(Fonte\/Imagem: Prefeitura de Jundia\u00ed)<\/strong><\/em><\/p>\n","protected":false},"excerpt":{"rendered":"<p>O processo seletivo acontece no Pavilh\u00e3o 1 do Parque da Uva.<\/p>\n","protected":false},"author":27,"featured_media":101308,"comment_status":"closed","ping_status":"0","sticky":false,"template":"","format":"standard","meta":{"footnotes":""},"categories":[5038,8356],"tags":[],"class_list":["post-101307","post","type-post","status-publish","format-standard","has-post-thumbnail","hentry","category-emprego","category-jundiai"],"_links":{"self":[{"href":"https:\/\/tvtecjundiai.com.br\/news\/wp-json\/wp\/v2\/posts\/101307","targetHints":{"allow":["GET"]}}],"collection":[{"href":"https:\/\/tvtecjundiai.com.br\/news\/wp-json\/wp\/v2\/posts"}],"about":[{"href":"https:\/\/tvtecjundiai.com.br\/news\/wp-json\/wp\/v2\/types\/post"}],"author":[{"embeddable":true,"href":"https:\/\/tvtecjundiai.com.br\/news\/wp-json\/wp\/v2\/users\/27"}],"replies":[{"embeddable":true,"href":"https:\/\/tvtecjundiai.com.br\/news\/wp-json\/wp\/v2\/comments?post=101307"}],"version-history":[{"count":1,"href":"https:\/\/tvtecjundiai.com.br\/news\/wp-json\/wp\/v2\/posts\/101307\/revisions"}],"predecessor-version":[{"id":101309,"href":"https:\/\/tvtecjundiai.com.br\/news\/wp-json\/wp\/v2\/posts\/101307\/revisions\/101309"}],"wp:featuredmedia":[{"embeddable":true,"href":"https:\/\/tvtecjundiai.com.br\/news\/wp-json\/wp\/v2\/media\/101308"}],"wp:attachment":[{"href":"https:\/\/tvtecjundiai.com.br\/news\/wp-json\/wp\/v2\/media?parent=101307"}],"wp:term":[{"taxonomy":"category","embeddable":true,"href":"https:\/\/tvtecjundiai.com.br\/news\/wp-json\/wp\/v2\/categories?post=101307"},{"taxonomy":"post_tag","embeddable":true,"href":"https:\/\/tvtecjundiai.com.br\/news\/wp-json\/wp\/v2\/tags?post=101307"}],"curies":[{"name":"wp","href":"https:\/\/api.w.org\/{rel}","templated":true}]}}