{"id":101323,"date":"2022-11-23T09:10:02","date_gmt":"2022-11-23T12:10:02","guid":{"rendered":"https:\/\/tvtecjundiai.com.br\/news\/?p=101323"},"modified":"2022-11-23T09:37:06","modified_gmt":"2022-11-23T12:37:06","slug":"lindal-do-brasil-se-instala-em-jundiai-e-gera-130-empregos","status":"publish","type":"post","link":"https:\/\/tvtecjundiai.com.br\/news\/2022\/11\/23\/lindal-do-brasil-se-instala-em-jundiai-e-gera-130-empregos\/","title":{"rendered":"Lindal do Brasil se instala em Jundia\u00ed e gera 130 empregos"},"content":{"rendered":"\n<p>Com a presen\u00e7a do prefeito Luiz Fernando Machado, a Lindal do Brasil inaugurou, no Parque Industrial de Jundia\u00ed, a sua mais nova planta no pa\u00eds. O investimento foi de aproximadamente U$ 25 milh\u00f5es e a expectativa \u00e9 de que 130 novos empregos sejam gerados no munic\u00edpio. Esse montante representa o maior investimento da hist\u00f3ria de 60 anos da multinacional de capital alem\u00e3o.<\/p>\n\n\n\n<p>Em discurso, o chefe do executivo ressaltou a import\u00e2ncia do setor privado na gera\u00e7\u00e3o de investimentos para a cidade e de emprego e renda para a popula\u00e7\u00e3o. \u201cJundia\u00ed tem um ambiente favor\u00e1vel a atra\u00e7\u00e3o de novos neg\u00f3cios, pois tem organiza\u00e7\u00e3o, um ambiente economicamente est\u00e1vel e est\u00e1 localizada em um lugar logisticamente estrat\u00e9gico. A chegada da Lindal agregar\u00e1 ainda mais valor para a nossa cidade, com gera\u00e7\u00e3o de emprego, desenvolvimento pessoal e econ\u00f4mico\u201d, comentou.<\/p>\n\n\n\n<figure class=\"wp-block-image size-large\"><img loading=\"lazy\" decoding=\"async\" width=\"1200\" height=\"800\" src=\"https:\/\/tvtecjundiai.com.br\/news\/wp-content\/uploads\/sites\/2\/2022\/11\/prefeito_participa_inauguracao_lindal_do_brasil_pa-64-1200x800.jpg\" alt=\"\" class=\"wp-image-101324\" srcset=\"https:\/\/tvtecjundiai.com.br\/news\/wp-content\/uploads\/sites\/2\/2022\/11\/prefeito_participa_inauguracao_lindal_do_brasil_pa-64-1200x800.jpg 1200w, https:\/\/tvtecjundiai.com.br\/news\/wp-content\/uploads\/sites\/2\/2022\/11\/prefeito_participa_inauguracao_lindal_do_brasil_pa-64-300x200.jpg 300w, https:\/\/tvtecjundiai.com.br\/news\/wp-content\/uploads\/sites\/2\/2022\/11\/prefeito_participa_inauguracao_lindal_do_brasil_pa-64-768x512.jpg 768w, https:\/\/tvtecjundiai.com.br\/news\/wp-content\/uploads\/sites\/2\/2022\/11\/prefeito_participa_inauguracao_lindal_do_brasil_pa-64.jpg 1280w\" sizes=\"auto, (max-width: 1200px) 100vw, 1200px\" \/><figcaption class=\"wp-element-caption\">Luiz Fernando Machado ressaltou as boas caracter\u00edsticas de Jundia\u00ed para a atra\u00e7\u00e3o de novos investimentos<\/figcaption><\/figure>\n\n\n\n<p>O CEO do Lindal Group, Fran\u00e7ois-Xavier Gilbert, e o diretor-geral da Lindal do Brasil, Moacir Camargo, discursaram sobre a hist\u00f3ria da empresa, a chegada ao Brasil e a escolha de Jundia\u00ed para a continua\u00e7\u00e3o dos neg\u00f3cios no pa\u00eds. \u201cAl\u00e9m da infraestrutura e localiza\u00e7\u00e3o privilegiada, Jundia\u00ed conta com uma excelente m\u00e3o de obra\u201d, opinou Moacir. \u201cPor isso n\u00e3o tivemos d\u00favidas ao trazer a nossa planta para c\u00e1 com o maior investimento da nossa hist\u00f3ria\u201d, ressaltou Fran\u00e7ois-Xavier.<\/p>\n\n\n\n<figure class=\"wp-block-gallery has-nested-images columns-default is-cropped wp-block-gallery-1 is-layout-flex wp-block-gallery-is-layout-flex\">\n<figure class=\"wp-block-image size-large\"><img loading=\"lazy\" decoding=\"async\" width=\"1200\" height=\"800\" data-id=\"101327\" src=\"https:\/\/tvtecjundiai.com.br\/news\/wp-content\/uploads\/sites\/2\/2022\/11\/prefeito_participa_inauguracao_lindal_do_brasil_pa-11-1-1200x800.jpg\" alt=\"\" class=\"wp-image-101327\" srcset=\"https:\/\/tvtecjundiai.com.br\/news\/wp-content\/uploads\/sites\/2\/2022\/11\/prefeito_participa_inauguracao_lindal_do_brasil_pa-11-1-1200x800.jpg 1200w, https:\/\/tvtecjundiai.com.br\/news\/wp-content\/uploads\/sites\/2\/2022\/11\/prefeito_participa_inauguracao_lindal_do_brasil_pa-11-1-300x200.jpg 300w, https:\/\/tvtecjundiai.com.br\/news\/wp-content\/uploads\/sites\/2\/2022\/11\/prefeito_participa_inauguracao_lindal_do_brasil_pa-11-1-768x512.jpg 768w, https:\/\/tvtecjundiai.com.br\/news\/wp-content\/uploads\/sites\/2\/2022\/11\/prefeito_participa_inauguracao_lindal_do_brasil_pa-11-1.jpg 1280w\" sizes=\"auto, (max-width: 1200px) 100vw, 1200px\" \/><figcaption class=\"wp-element-caption\">Cerim\u00f4nia de inaugura\u00e7\u00e3o aconteceu nesta ter\u00e7a-feira (22)<\/figcaption><\/figure>\n\n\n\n<figure class=\"wp-block-image size-large\"><img loading=\"lazy\" decoding=\"async\" width=\"1200\" height=\"800\" data-id=\"101326\" src=\"https:\/\/tvtecjundiai.com.br\/news\/wp-content\/uploads\/sites\/2\/2022\/11\/prefeito_participa_inauguracao_lindal_do_brasil_pa-71-1200x800.jpg\" alt=\"\" class=\"wp-image-101326\" srcset=\"https:\/\/tvtecjundiai.com.br\/news\/wp-content\/uploads\/sites\/2\/2022\/11\/prefeito_participa_inauguracao_lindal_do_brasil_pa-71-1200x800.jpg 1200w, https:\/\/tvtecjundiai.com.br\/news\/wp-content\/uploads\/sites\/2\/2022\/11\/prefeito_participa_inauguracao_lindal_do_brasil_pa-71-300x200.jpg 300w, https:\/\/tvtecjundiai.com.br\/news\/wp-content\/uploads\/sites\/2\/2022\/11\/prefeito_participa_inauguracao_lindal_do_brasil_pa-71-768x512.jpg 768w, https:\/\/tvtecjundiai.com.br\/news\/wp-content\/uploads\/sites\/2\/2022\/11\/prefeito_participa_inauguracao_lindal_do_brasil_pa-71.jpg 1280w\" sizes=\"auto, (max-width: 1200px) 100vw, 1200px\" \/><figcaption class=\"wp-element-caption\">Lindal do Brasil gera 130 novos empregos em Jundia\u00ed<\/figcaption><\/figure>\n<\/figure>\n\n\n\n<p>Presente em mais de 10 pa\u00edses, o Lindal Group \u00e9 l\u00edder mundial no desenvolvimento e fabrica\u00e7\u00e3o de v\u00e1lvulas e atuadores de aeross\u00f3is para a pulveriza\u00e7\u00e3o de produtos utilizados em cuidados pessoais, higiene e limpeza para o lar, segmento t\u00e9cnico, aliment\u00edcio e farmac\u00eautico. A produ\u00e7\u00e3o \u00e9 de cerca de 3 milh\u00f5es de v\u00e1lvulas por ano.<\/p>\n\n\n\n<p>Jundia\u00ed tem o 8\u00ba maior Parque Industrial do Estado de S\u00e3o Paulo e conta, atualmente, com 160 multinacionais instaladas. Essas caracter\u00edsticas colocam a cidade entre os principais fluxos de neg\u00f3cio da economia mundial.<\/p>\n\n\n\n<figure class=\"wp-block-gallery has-nested-images columns-default is-cropped wp-block-gallery-2 is-layout-flex wp-block-gallery-is-layout-flex\">\n<figure class=\"wp-block-image size-large\"><img loading=\"lazy\" decoding=\"async\" width=\"1200\" height=\"695\" data-id=\"101329\" src=\"https:\/\/tvtecjundiai.com.br\/news\/wp-content\/uploads\/sites\/2\/2022\/11\/prefeito_visita__inicio_bras_lindal-1-1200x695.jpg\" alt=\"\" class=\"wp-image-101329\" srcset=\"https:\/\/tvtecjundiai.com.br\/news\/wp-content\/uploads\/sites\/2\/2022\/11\/prefeito_visita__inicio_bras_lindal-1-1200x695.jpg 1200w, https:\/\/tvtecjundiai.com.br\/news\/wp-content\/uploads\/sites\/2\/2022\/11\/prefeito_visita__inicio_bras_lindal-1-300x174.jpg 300w, https:\/\/tvtecjundiai.com.br\/news\/wp-content\/uploads\/sites\/2\/2022\/11\/prefeito_visita__inicio_bras_lindal-1-768x445.jpg 768w, https:\/\/tvtecjundiai.com.br\/news\/wp-content\/uploads\/sites\/2\/2022\/11\/prefeito_visita__inicio_bras_lindal-1.jpg 1280w\" sizes=\"auto, (max-width: 1200px) 100vw, 1200px\" \/><figcaption class=\"wp-element-caption\">Investimentos iniciais foram anunciados em 2020<\/figcaption><\/figure>\n\n\n\n<figure class=\"wp-block-image size-large\"><img loading=\"lazy\" decoding=\"async\" width=\"1200\" height=\"800\" data-id=\"101330\" src=\"https:\/\/tvtecjundiai.com.br\/news\/wp-content\/uploads\/sites\/2\/2022\/11\/prefeito_participa_inauguracao_lindal_do_brasil_pa-41-1200x800.jpg\" alt=\"\" class=\"wp-image-101330\" srcset=\"https:\/\/tvtecjundiai.com.br\/news\/wp-content\/uploads\/sites\/2\/2022\/11\/prefeito_participa_inauguracao_lindal_do_brasil_pa-41-1200x800.jpg 1200w, https:\/\/tvtecjundiai.com.br\/news\/wp-content\/uploads\/sites\/2\/2022\/11\/prefeito_participa_inauguracao_lindal_do_brasil_pa-41-300x200.jpg 300w, https:\/\/tvtecjundiai.com.br\/news\/wp-content\/uploads\/sites\/2\/2022\/11\/prefeito_participa_inauguracao_lindal_do_brasil_pa-41-768x512.jpg 768w, https:\/\/tvtecjundiai.com.br\/news\/wp-content\/uploads\/sites\/2\/2022\/11\/prefeito_participa_inauguracao_lindal_do_brasil_pa-41.jpg 1280w\" sizes=\"auto, (max-width: 1200px) 100vw, 1200px\" \/><figcaption class=\"wp-element-caption\">\u00c1rea adquirida pela empresa foi de aproximadamente 34 mil m\u00b2<\/figcaption><\/figure>\n<\/figure>\n\n\n\n<p><\/p>\n\n\n\n<p><strong><em>(Fonte\/Imagens: Prefeitura de Jundia\u00ed)<\/em><\/strong><\/p>\n","protected":false},"excerpt":{"rendered":"<p>Investimento foi de aproximadamente U$ 25 milh\u00f5es no munic\u00edpio<\/p>\n","protected":false},"author":30,"featured_media":101330,"comment_status":"closed","ping_status":"0","sticky":false,"template":"","format":"standard","meta":{"footnotes":""},"categories":[5038,8363,8356,1],"tags":[],"class_list":["post-101323","post","type-post","status-publish","format-standard","has-post-thumbnail","hentry","category-emprego","category-emprego-2","category-jundiai","category-noticias"],"_links":{"self":[{"href":"https:\/\/tvtecjundiai.com.br\/news\/wp-json\/wp\/v2\/posts\/101323","targetHints":{"allow":["GET"]}}],"collection":[{"href":"https:\/\/tvtecjundiai.com.br\/news\/wp-json\/wp\/v2\/posts"}],"about":[{"href":"https:\/\/tvtecjundiai.com.br\/news\/wp-json\/wp\/v2\/types\/post"}],"author":[{"embeddable":true,"href":"https:\/\/tvtecjundiai.com.br\/news\/wp-json\/wp\/v2\/users\/30"}],"replies":[{"embeddable":true,"href":"https:\/\/tvtecjundiai.com.br\/news\/wp-json\/wp\/v2\/comments?post=101323"}],"version-history":[{"count":1,"href":"https:\/\/tvtecjundiai.com.br\/news\/wp-json\/wp\/v2\/posts\/101323\/revisions"}],"predecessor-version":[{"id":101332,"href":"https:\/\/tvtecjundiai.com.br\/news\/wp-json\/wp\/v2\/posts\/101323\/revisions\/101332"}],"wp:featuredmedia":[{"embeddable":true,"href":"https:\/\/tvtecjundiai.com.br\/news\/wp-json\/wp\/v2\/media\/101330"}],"wp:attachment":[{"href":"https:\/\/tvtecjundiai.com.br\/news\/wp-json\/wp\/v2\/media?parent=101323"}],"wp:term":[{"taxonomy":"category","embeddable":true,"href":"https:\/\/tvtecjundiai.com.br\/news\/wp-json\/wp\/v2\/categories?post=101323"},{"taxonomy":"post_tag","embeddable":true,"href":"https:\/\/tvtecjundiai.com.br\/news\/wp-json\/wp\/v2\/tags?post=101323"}],"curies":[{"name":"wp","href":"https:\/\/api.w.org\/{rel}","templated":true}]}}