{"id":101460,"date":"2022-11-25T14:54:39","date_gmt":"2022-11-25T17:54:39","guid":{"rendered":"https:\/\/tvtecjundiai.com.br\/news\/?p=101460"},"modified":"2022-11-25T15:09:49","modified_gmt":"2022-11-25T18:09:49","slug":"tecnologia-e-inclusao-sao-temas-da-5a-edicao-da-rede-de-inovadores-em-2022","status":"publish","type":"post","link":"https:\/\/tvtecjundiai.com.br\/news\/2022\/11\/25\/tecnologia-e-inclusao-sao-temas-da-5a-edicao-da-rede-de-inovadores-em-2022\/","title":{"rendered":"Tecnologia e inclus\u00e3o s\u00e3o temas da 5\u00aa edi\u00e7\u00e3o da Rede de Inovadores"},"content":{"rendered":"\n<p>A 5\u00aa edi\u00e7\u00e3o da Rede de Inovadores \u2013 Espa\u00e7o P\u00fablico de Oportunidades do Ecossistema \u201cCampus Jundia\u00ed\u201d reuniu empreendedores, comerciantes e o poder p\u00fablico nesta sexta-feira (25), na TVTEC Jundia\u00ed. A iniciativa \u00e9 da Prefeitura de Jundia\u00ed, em parceria com as unidades de gest\u00e3o de Governo e Finan\u00e7as e da Casa Civil, do Jundia\u00ed Empreendedora, da CIJUN e da Funda\u00e7\u00e3o Escola TVTEC Jundia\u00ed. O objetivo \u00e9 facilitar as rela\u00e7\u00f5es no empreendedorismo, impulsionando o desenvolvimento econ\u00f4mico na cidade. Esta foi a \u00faltima edi\u00e7\u00e3o de 2022.<\/p>\n\n\n\n<p>O encontro deste m\u00eas incluiu em sua programa\u00e7\u00e3o o Pitch, uma oportunidade de mostrar quem voc\u00ea \u00e9, o que faz, al\u00e9m de contar suas necessidades em apenas 30 segundos. Ainda foi reapresentada a Trilha do Poss\u00edvel e uma palestra sobre tecnologia, ministrada pelo gerente de opera\u00e7\u00e3o da empresa DHL, Lilio Neto.<\/p>\n\n\n<div class=\"wp-block-image\">\n<figure class=\"aligncenter size-large is-resized\"><img loading=\"lazy\" decoding=\"async\" src=\"https:\/\/tvtecjundiai.com.br\/news\/wp-content\/uploads\/sites\/2\/2022\/11\/MG_3417-1200x800.jpg\" alt=\"\" class=\"wp-image-101489\" width=\"716\" height=\"477\" srcset=\"https:\/\/tvtecjundiai.com.br\/news\/wp-content\/uploads\/sites\/2\/2022\/11\/MG_3417-1200x800.jpg 1200w, https:\/\/tvtecjundiai.com.br\/news\/wp-content\/uploads\/sites\/2\/2022\/11\/MG_3417-300x200.jpg 300w, https:\/\/tvtecjundiai.com.br\/news\/wp-content\/uploads\/sites\/2\/2022\/11\/MG_3417-768x512.jpg 768w, https:\/\/tvtecjundiai.com.br\/news\/wp-content\/uploads\/sites\/2\/2022\/11\/MG_3417.jpg 1280w\" sizes=\"auto, (max-width: 716px) 100vw, 716px\" \/><figcaption class=\"wp-element-caption\">Lilio Neto, gerente de opera\u00e7\u00e3o da empresa DHL<\/figcaption><\/figure>\n<\/div>\n\n\n<p>Al\u00e9m disso, houve a intera\u00e7\u00e3o entre os participantes e suas expectativas para 2023 na Rede de Inovadores, como explicou a superintendente da FTVTEC, M\u00f4nica Gropelo. &#8220;A Rede foi criada para conectar pessoas e ideias, e deu muito certo. Fechamos este ano definindo nossos prop\u00f3sitos para 2023, que s\u00e3o modelos de trilhas  para oportunidades, inclus\u00e3o e inova\u00e7\u00e3o. Ter espa\u00e7o para fazer isso ao lado do poder p\u00fablico \u00e9 um jeito criativo e inspirador de possibilitar a conex\u00e3o entre pessoas&#8221;.<\/p>\n\n\n\n<p>Para Gabriela Pupo, fundadora da ONG Mempresto e CEO do Instituto Aica, que participou de todas as edi\u00e7\u00f5es da Rede de Inovadores, o diferencial que contribui para o sucesso dos encontros \u00e9 o destaque para a inclus\u00e3o. &#8220;O que me chamou a aten\u00e7\u00e3o desde o primeiro encontro \u00e9 que havia muitas pessoas querendo falar sobre inova\u00e7\u00e3o, mas ningu\u00e9m falava sobre inclus\u00e3o. E sem inclus\u00e3o, n\u00e3o h\u00e1 inova\u00e7\u00e3o. A partir disso, a reflex\u00e3o foi crescendo e muitas pessoas passaram a falar da inclus\u00e3o e das possibilidades que existem&#8221;.<\/p>\n\n\n<div class=\"wp-block-image\">\n<figure class=\"aligncenter size-large is-resized\"><img loading=\"lazy\" decoding=\"async\" src=\"https:\/\/tvtecjundiai.com.br\/news\/wp-content\/uploads\/sites\/2\/2022\/11\/MG_3400-1200x800.jpg\" alt=\"\" class=\"wp-image-101490\" width=\"738\" height=\"492\" srcset=\"https:\/\/tvtecjundiai.com.br\/news\/wp-content\/uploads\/sites\/2\/2022\/11\/MG_3400-1200x800.jpg 1200w, https:\/\/tvtecjundiai.com.br\/news\/wp-content\/uploads\/sites\/2\/2022\/11\/MG_3400-300x200.jpg 300w, https:\/\/tvtecjundiai.com.br\/news\/wp-content\/uploads\/sites\/2\/2022\/11\/MG_3400-768x512.jpg 768w, https:\/\/tvtecjundiai.com.br\/news\/wp-content\/uploads\/sites\/2\/2022\/11\/MG_3400.jpg 1280w\" sizes=\"auto, (max-width: 738px) 100vw, 738px\" \/><\/figure>\n<\/div>\n\n\n<p><\/p>\n\n\n\n<p>Lilio Neto, gerente de opera\u00e7\u00e3o da DHL, participou pela primeira vez da Rede de Inovadores e elogiou o acolhimento e organiza\u00e7\u00e3o por parte da TVTEC. &#8220;\u00c9 muito importante que a gente se sinta acolhido, e \u00e9 isso que a TVTEC proporciona aos visitantes. Tamb\u00e9m \u00e9 impressionante a capacidade da equipe de solucionar problemas. Voltarei mais vezes&#8221;.<\/p>\n\n\n\n<p>&#8220;\u00c9 uma grande oportunidade participar da Rede de Inovadores e \u00e9 impressionante que seja uma iniciativa gratuita que busca conectar pessoas. Seria muito bom se outras Prefeituras fizessem o mesmo, pois pode transformar vidas&#8221;, disse a fisioterapeuta K\u00e1ssia Melo, que est\u00e1 em Jundia\u00ed h\u00e1 apenas quatro meses e se sentiu muito acolhida pela TVTEC. <\/p>\n\n\n<div class=\"wp-block-image\">\n<figure class=\"aligncenter size-large is-resized\"><img loading=\"lazy\" decoding=\"async\" src=\"https:\/\/tvtecjundiai.com.br\/news\/wp-content\/uploads\/sites\/2\/2022\/11\/2022.10.28_REDE-DE-INOVADORES_02-1200x800.jpg\" alt=\"\" class=\"wp-image-101491\" width=\"767\" height=\"511\" srcset=\"https:\/\/tvtecjundiai.com.br\/news\/wp-content\/uploads\/sites\/2\/2022\/11\/2022.10.28_REDE-DE-INOVADORES_02-1200x800.jpg 1200w, https:\/\/tvtecjundiai.com.br\/news\/wp-content\/uploads\/sites\/2\/2022\/11\/2022.10.28_REDE-DE-INOVADORES_02-300x200.jpg 300w, https:\/\/tvtecjundiai.com.br\/news\/wp-content\/uploads\/sites\/2\/2022\/11\/2022.10.28_REDE-DE-INOVADORES_02-768x512.jpg 768w, https:\/\/tvtecjundiai.com.br\/news\/wp-content\/uploads\/sites\/2\/2022\/11\/2022.10.28_REDE-DE-INOVADORES_02.jpg 1280w\" sizes=\"auto, (max-width: 767px) 100vw, 767px\" \/><figcaption class=\"wp-element-caption\">A fisioterapeuta K\u00e1ssia Melo participou da Rede de Inovadores pela primeira vez<\/figcaption><\/figure>\n<\/div>\n\n\n<p><strong><em>(Fonte\/Imagens: TVTEC Jundia\u00ed)<\/em><\/strong><\/p>\n","protected":false},"excerpt":{"rendered":"<p>Participantes do encontro puderam interagir, estreitar la\u00e7os e potencializar seus neg\u00f3cios por meio de parcerias<\/p>\n","protected":false},"author":30,"featured_media":101490,"comment_status":"closed","ping_status":"0","sticky":false,"template":"","format":"standard","meta":{"footnotes":""},"categories":[5706,8356,1,2835],"tags":[],"class_list":["post-101460","post","type-post","status-publish","format-standard","has-post-thumbnail","hentry","category-inclusao","category-jundiai","category-noticias","category-tecnologia"],"_links":{"self":[{"href":"https:\/\/tvtecjundiai.com.br\/news\/wp-json\/wp\/v2\/posts\/101460","targetHints":{"allow":["GET"]}}],"collection":[{"href":"https:\/\/tvtecjundiai.com.br\/news\/wp-json\/wp\/v2\/posts"}],"about":[{"href":"https:\/\/tvtecjundiai.com.br\/news\/wp-json\/wp\/v2\/types\/post"}],"author":[{"embeddable":true,"href":"https:\/\/tvtecjundiai.com.br\/news\/wp-json\/wp\/v2\/users\/30"}],"replies":[{"embeddable":true,"href":"https:\/\/tvtecjundiai.com.br\/news\/wp-json\/wp\/v2\/comments?post=101460"}],"version-history":[{"count":7,"href":"https:\/\/tvtecjundiai.com.br\/news\/wp-json\/wp\/v2\/posts\/101460\/revisions"}],"predecessor-version":[{"id":101494,"href":"https:\/\/tvtecjundiai.com.br\/news\/wp-json\/wp\/v2\/posts\/101460\/revisions\/101494"}],"wp:featuredmedia":[{"embeddable":true,"href":"https:\/\/tvtecjundiai.com.br\/news\/wp-json\/wp\/v2\/media\/101490"}],"wp:attachment":[{"href":"https:\/\/tvtecjundiai.com.br\/news\/wp-json\/wp\/v2\/media?parent=101460"}],"wp:term":[{"taxonomy":"category","embeddable":true,"href":"https:\/\/tvtecjundiai.com.br\/news\/wp-json\/wp\/v2\/categories?post=101460"},{"taxonomy":"post_tag","embeddable":true,"href":"https:\/\/tvtecjundiai.com.br\/news\/wp-json\/wp\/v2\/tags?post=101460"}],"curies":[{"name":"wp","href":"https:\/\/api.w.org\/{rel}","templated":true}]}}