{"id":10154,"date":"2018-05-11T08:00:27","date_gmt":"2018-05-11T11:00:27","guid":{"rendered":"https:\/\/tvtecjundiai.com.br\/news\/?p=10154"},"modified":"2018-05-11T09:03:09","modified_gmt":"2018-05-11T12:03:09","slug":"biblioteca-realiza-curso-sobre-avaliacao","status":"publish","type":"post","link":"https:\/\/tvtecjundiai.com.br\/news\/2018\/05\/11\/biblioteca-realiza-curso-sobre-avaliacao\/","title":{"rendered":"Biblioteca realiza curso sobre avalia\u00e7\u00e3o"},"content":{"rendered":"<div id=\"attachment_10156\" style=\"width: 460px\" class=\"wp-caption alignleft\"><a href=\"https:\/\/tvtecjundiai.com.br\/news\/wp-content\/uploads\/sites\/2\/2018\/05\/avaliacao-1.jpg\"><img loading=\"lazy\" decoding=\"async\" aria-describedby=\"caption-attachment-10156\" class=\"wp-image-10156\" src=\"https:\/\/tvtecjundiai.com.br\/news\/wp-content\/uploads\/sites\/2\/2018\/05\/avaliacao-1-300x225.jpg\" alt=\"\" width=\"450\" height=\"338\" srcset=\"https:\/\/tvtecjundiai.com.br\/news\/wp-content\/uploads\/sites\/2\/2018\/05\/avaliacao-1-300x225.jpg 300w, https:\/\/tvtecjundiai.com.br\/news\/wp-content\/uploads\/sites\/2\/2018\/05\/avaliacao-1-768x576.jpg 768w, https:\/\/tvtecjundiai.com.br\/news\/wp-content\/uploads\/sites\/2\/2018\/05\/avaliacao-1-1200x900.jpg 1200w, https:\/\/tvtecjundiai.com.br\/news\/wp-content\/uploads\/sites\/2\/2018\/05\/avaliacao-1.jpg 1280w\" sizes=\"auto, (max-width: 450px) 100vw, 450px\" \/><\/a><p id=\"caption-attachment-10156\" class=\"wp-caption-text\">Capacita\u00e7\u00e3o reuniu profissionais da regi\u00e3o de Jundia\u00ed<\/p><\/div>\n<p>A Biblioteca Municipal Professor Nelson Foot realizou nesta quinta-feira (10)\u00a0 curso de monitoramento e avalia\u00e7\u00e3o de a\u00e7\u00f5es de bibliotecas, com o Instituto Fonte, atrav\u00e9s do Sistema Estadual de Bibliotecas P\u00fablicas de S\u00e3o Paulo (SisEB). Cerca de 20 pessoas da regi\u00e3o e de cidades como Monte Mor, Santana do Parna\u00edba e Extrema (Minas Gerais), participaram.<\/p>\n<p>As respons\u00e1veis por ministrar o curso foram Martina Otero, bacharel em psicologia, mestre em psicologia experimental: an\u00e1lise de comportamento, especialista em avalia\u00e7\u00e3o de projetos sociais e investiga\u00e7\u00e3o de temas relacionados ao papel da Ci\u00eancia e da Tecnologia, al\u00e9m de consultora do Instituto Fonte e membro da Diretoria Brasileira de Monitoramento e Avalia\u00e7\u00e3o, e Joana Zatz, doutora em arquitetura e urbanismo, consultora do Instituto Fonte e professora e coordenadora de projetos e programas culturais focados na forma\u00e7\u00e3o em arte contempor\u00e2nea de jovens e de professores.<\/p>\n<p>A atividade mesclou teoria e pr\u00e1tica, com o objetivo de ajudar os profissionais a pensarem como fazer processos de avalia\u00e7\u00e3o para conseguirem aproveitar melhor seus servi\u00e7os e programas. \u201c\u00c9 necess\u00e1rio compreender o que se est\u00e1 fazendo e aonde se quer chegar. A avalia\u00e7\u00e3o ajuda a biblioteca a se movimentar, a se desenvolver. Se estamos falando de biblioteca viva, que se renova, \u00e9 fundamental refletir sobre a pr\u00e1tica e desmistificar a avalia\u00e7\u00e3o\u201d, explicou Martina.<\/p>\n<p>Para a bibliotec\u00e1ria Nat\u00e1lia da Silva, do Centro de Arte e Esporte Unificado (CEU) de Itu, a atividade foi interessante. \u201cFoi muito relevante para a \u00e1rea, pois trouxe ferramentas avaliativas e nos deu a oportunidade de trocar experi\u00eancias, o que ajudar\u00e1 bastante no nosso dia a dia.\u201d<\/p>\n<p>Al\u00e9m de Jundia\u00ed, outras quatro cidades do Estado foram contempladas com o curso realizado pelo SisEB.<\/p>\n<p>A Biblioteca Professor Nelson Foot \u00e9 um \u00f3rg\u00e3o da Unidade de Gest\u00e3o de Educa\u00e7\u00e3o e fica localizada no Complexo Argos (avenida Dr. Cavalcanti, 396, Vila Arens).<\/p>\n<p><em>Fonte: Prefeitura de Jundia\u00ed<\/em><\/p>\n","protected":false},"excerpt":{"rendered":"<p>Encontro reuniu profissionais ligados \u00e0 psicologia e ci\u00eancia e tecnologia <\/p>\n","protected":false},"author":11,"featured_media":10155,"comment_status":"closed","ping_status":"closed","sticky":false,"template":"","format":"standard","meta":{"footnotes":""},"categories":[2834,2828,1],"tags":[207,1178,2112,63,556,3152,3153],"class_list":["post-10154","post","type-post","status-publish","format-standard","has-post-thumbnail","hentry","category-cidades","category-educacao","category-noticias","tag-biblioteca-municipal-prof-nelson-foot","tag-capacitacao","tag-cidades","tag-curso","tag-noticias","tag-profissionais","tag-sistema-estadual-de-bibliotecas-publicas"],"_links":{"self":[{"href":"https:\/\/tvtecjundiai.com.br\/news\/wp-json\/wp\/v2\/posts\/10154","targetHints":{"allow":["GET"]}}],"collection":[{"href":"https:\/\/tvtecjundiai.com.br\/news\/wp-json\/wp\/v2\/posts"}],"about":[{"href":"https:\/\/tvtecjundiai.com.br\/news\/wp-json\/wp\/v2\/types\/post"}],"author":[{"embeddable":true,"href":"https:\/\/tvtecjundiai.com.br\/news\/wp-json\/wp\/v2\/users\/11"}],"replies":[{"embeddable":true,"href":"https:\/\/tvtecjundiai.com.br\/news\/wp-json\/wp\/v2\/comments?post=10154"}],"version-history":[{"count":2,"href":"https:\/\/tvtecjundiai.com.br\/news\/wp-json\/wp\/v2\/posts\/10154\/revisions"}],"predecessor-version":[{"id":10174,"href":"https:\/\/tvtecjundiai.com.br\/news\/wp-json\/wp\/v2\/posts\/10154\/revisions\/10174"}],"wp:featuredmedia":[{"embeddable":true,"href":"https:\/\/tvtecjundiai.com.br\/news\/wp-json\/wp\/v2\/media\/10155"}],"wp:attachment":[{"href":"https:\/\/tvtecjundiai.com.br\/news\/wp-json\/wp\/v2\/media?parent=10154"}],"wp:term":[{"taxonomy":"category","embeddable":true,"href":"https:\/\/tvtecjundiai.com.br\/news\/wp-json\/wp\/v2\/categories?post=10154"},{"taxonomy":"post_tag","embeddable":true,"href":"https:\/\/tvtecjundiai.com.br\/news\/wp-json\/wp\/v2\/tags?post=10154"}],"curies":[{"name":"wp","href":"https:\/\/api.w.org\/{rel}","templated":true}]}}