{"id":101560,"date":"2022-11-28T15:21:22","date_gmt":"2022-11-28T18:21:22","guid":{"rendered":"https:\/\/tvtecjundiai.com.br\/news\/?p=101560"},"modified":"2022-11-28T15:21:27","modified_gmt":"2022-11-28T18:21:27","slug":"vencedores-do-concurso-de-videos-de-brincadeiras-serao-conhecidos-nesta-quinta-01","status":"publish","type":"post","link":"https:\/\/tvtecjundiai.com.br\/news\/2022\/11\/28\/vencedores-do-concurso-de-videos-de-brincadeiras-serao-conhecidos-nesta-quinta-01\/","title":{"rendered":"Vencedores do concurso de v\u00eddeos de brincadeiras ser\u00e3o conhecidos nesta quinta (01)"},"content":{"rendered":"\n<p>A Unidade de Gest\u00e3o de Educa\u00e7\u00e3o (UGE) realiza na pr\u00f3xima quinta-feira (1), com in\u00edcio \u00e0s 17h, a premia\u00e7\u00e3o do Concurso Brinc@r.com: o que as crian\u00e7as narram sobre suas brincadeiras na cidade. O evento ser\u00e1 no Centro Internacional de Estudos, Mem\u00f3rias e Pesquisas da Inf\u00e2ncia (CIEMPI).<br><br>A iniciativa, in\u00e9dita em Jundia\u00ed, \u00e9 uma promo\u00e7\u00e3o do CIEMPI, vinculado \u00e0 UGE, com parceria do Conselho Municipal dos Direitos da Crian\u00e7a e do Adolescente (CMDCA). O concurso foi voltado para crian\u00e7as de 7 a 12 anos, que estudam em escolas municipais e gostam de produzir v\u00eddeos e de brincar nos parques, pra\u00e7as ou nas ruas perto de suas casas. Ao todo, 133 inscri\u00e7\u00f5es foram realizadas. As produ\u00e7\u00f5es concorreram nas categorias: Melhor qualidade t\u00e9cnica (uso de recursos de edi\u00e7\u00e3o) e melhor brincadeira (criatividade).<\/p>\n\n\n\n<figure class=\"wp-block-image\"><img decoding=\"async\" src=\"https:\/\/jundiai.sp.gov.br\/noticias\/wp-content\/uploads\/sites\/32\/2022\/11\/ruas_de_brincar_emeb_judith-124.jpg\" alt=\"\" class=\"wp-image-306336\" \/><figcaption class=\"wp-element-caption\">As produ\u00e7\u00f5es concorreram em duas categorias<\/figcaption><\/figure>\n\n\n\n<p>\u201cNossos meninos e meninas foram incentivados a pr\u00e1tica de brincadeiras nos in\u00fameros espa\u00e7os ofertados em nosso Munic\u00edpio, utilizando de forma saud\u00e1vel e racional as telas e ferramentas digitais, que eles tanto gostam. Com a pot\u00eancia das crian\u00e7as, com certeza, os v\u00eddeos foram muito criativos e ser\u00e3o um convite para brincar ao ar livre, com os amigos e os familiares\u201d, destaca a gestora de Educa\u00e7\u00e3o, Vast\u00ed Ferrari Marques.<br><br>Todos os finalistas receber\u00e3o medalhas e os vencedores ser\u00e3o contemplados com trof\u00e9us e ingressos para um dia especial em um espa\u00e7o de lazer, com direito a alimenta\u00e7\u00e3o e acompanhante.<br><br>Os v\u00eddeos passam a integrar o acervo do CIEMPI e ser\u00e3o divulgados em redes sociais e nos sites da institui\u00e7\u00e3o e da Prefeitura de Jundia\u00ed.<br><br>O CIEMPI fica na avenida Dr. Cavalcanti, 341, em frente ao Complexo Argos.<\/p>\n\n\n\n<p><strong><em>(Fonte\/Imagem: Prefeitura de Jundia\u00ed)<\/em><\/strong><\/p>\n","protected":false},"excerpt":{"rendered":"<p>O concurso foi voltado para crian\u00e7as de 7 a 12 anos.<\/p>\n","protected":false},"author":27,"featured_media":101561,"comment_status":"closed","ping_status":"0","sticky":false,"template":"","format":"standard","meta":{"footnotes":""},"categories":[8356],"tags":[],"class_list":["post-101560","post","type-post","status-publish","format-standard","has-post-thumbnail","hentry","category-jundiai"],"_links":{"self":[{"href":"https:\/\/tvtecjundiai.com.br\/news\/wp-json\/wp\/v2\/posts\/101560","targetHints":{"allow":["GET"]}}],"collection":[{"href":"https:\/\/tvtecjundiai.com.br\/news\/wp-json\/wp\/v2\/posts"}],"about":[{"href":"https:\/\/tvtecjundiai.com.br\/news\/wp-json\/wp\/v2\/types\/post"}],"author":[{"embeddable":true,"href":"https:\/\/tvtecjundiai.com.br\/news\/wp-json\/wp\/v2\/users\/27"}],"replies":[{"embeddable":true,"href":"https:\/\/tvtecjundiai.com.br\/news\/wp-json\/wp\/v2\/comments?post=101560"}],"version-history":[{"count":1,"href":"https:\/\/tvtecjundiai.com.br\/news\/wp-json\/wp\/v2\/posts\/101560\/revisions"}],"predecessor-version":[{"id":101562,"href":"https:\/\/tvtecjundiai.com.br\/news\/wp-json\/wp\/v2\/posts\/101560\/revisions\/101562"}],"wp:featuredmedia":[{"embeddable":true,"href":"https:\/\/tvtecjundiai.com.br\/news\/wp-json\/wp\/v2\/media\/101561"}],"wp:attachment":[{"href":"https:\/\/tvtecjundiai.com.br\/news\/wp-json\/wp\/v2\/media?parent=101560"}],"wp:term":[{"taxonomy":"category","embeddable":true,"href":"https:\/\/tvtecjundiai.com.br\/news\/wp-json\/wp\/v2\/categories?post=101560"},{"taxonomy":"post_tag","embeddable":true,"href":"https:\/\/tvtecjundiai.com.br\/news\/wp-json\/wp\/v2\/tags?post=101560"}],"curies":[{"name":"wp","href":"https:\/\/api.w.org\/{rel}","templated":true}]}}