{"id":101606,"date":"2022-11-29T14:01:06","date_gmt":"2022-11-29T17:01:06","guid":{"rendered":"https:\/\/tvtecjundiai.com.br\/news\/?p=101606"},"modified":"2022-11-29T14:01:06","modified_gmt":"2022-11-29T17:01:06","slug":"podtrampo-organizacao-e-expectativas-do-ramo-alimenticio-para-o-periodo-de-festas","status":"publish","type":"post","link":"https:\/\/tvtecjundiai.com.br\/news\/2022\/11\/29\/podtrampo-organizacao-e-expectativas-do-ramo-alimenticio-para-o-periodo-de-festas\/","title":{"rendered":"PodTrampo: organiza\u00e7\u00e3o e expectativas do ramo aliment\u00edcio para o per\u00edodo de festas"},"content":{"rendered":"\n<p>O 28\u00b0 epis\u00f3dio do PodTrampo, podcast da TVTEC Jundia\u00ed sobre empregabilidade, mercado de trabalho e empreendedorismo, teve como convidados Marcel Ferraraz, propriet\u00e1rio da Cervejaria Stark, e M\u00f4nica Leonardi, propriet\u00e1ria do Kiosque da Roseira.<\/p>\n\n\n\n<p>Apresentado pela jornalista Tayana Konrath, o bate-papo foi sobre como o ramo aliment\u00edcio de Jundia\u00ed est\u00e1 se organizando e quais s\u00e3o as expectativas para as festas de final de ano. Os empreendedores tamb\u00e9m falaram sobre como a Copa do Mundo sendo realizada neste per\u00edodo faz a diferen\u00e7a na oferta dos servi\u00e7os.<\/p>\n\n\n\n<p>O podcast foi ao ar nesta ter\u00e7a-feira (29), \u00e0s 9h, com transmiss\u00e3o pelo Facebook e YouTube da TVTEC Jundia\u00ed. Para ouvir depois, \u00e9 poss\u00edvel acompanhar o PodTrampo a qualquer hora pelas plataformas de m\u00fasica.<\/p>\n\n\n<div class=\"wp-block-image\">\n<figure class=\"aligncenter size-large is-resized\"><img loading=\"lazy\" decoding=\"async\" src=\"https:\/\/tvtecjundiai.com.br\/news\/wp-content\/uploads\/sites\/2\/2022\/11\/WhatsApp-Image-2022-11-29-at-13.15.03-1200x900.jpeg\" alt=\"\" class=\"wp-image-101607\" width=\"632\" height=\"474\" srcset=\"https:\/\/tvtecjundiai.com.br\/news\/wp-content\/uploads\/sites\/2\/2022\/11\/WhatsApp-Image-2022-11-29-at-13.15.03-1200x900.jpeg 1200w, https:\/\/tvtecjundiai.com.br\/news\/wp-content\/uploads\/sites\/2\/2022\/11\/WhatsApp-Image-2022-11-29-at-13.15.03-300x225.jpeg 300w, https:\/\/tvtecjundiai.com.br\/news\/wp-content\/uploads\/sites\/2\/2022\/11\/WhatsApp-Image-2022-11-29-at-13.15.03-768x576.jpeg 768w, https:\/\/tvtecjundiai.com.br\/news\/wp-content\/uploads\/sites\/2\/2022\/11\/WhatsApp-Image-2022-11-29-at-13.15.03.jpeg 1280w\" sizes=\"auto, (max-width: 632px) 100vw, 632px\" \/><\/figure>\n<\/div>\n\n\n<p><strong>PodTrampo \u2013 O podcast sobre empregabilidade da TVTEC Jundia\u00ed<\/strong><\/p>\n\n\n\n<p><a href=\"https:\/\/www.facebook.com\/tvtecjundiai\/videos\/486996309942523\" data-type=\"URL\" data-id=\"https:\/\/www.facebook.com\/tvtecjundiai\/videos\/486996309942523\">Assista no Facebook<\/a><\/p>\n\n\n\n<p><a href=\"https:\/\/www.youtube.com\/watch?v=gYd5Ef0HOjE&amp;list=PL55Jvjz-3jrj24Eqgv4TDiqepQJaZBAL-&amp;index=17\" data-type=\"URL\" data-id=\"https:\/\/www.youtube.com\/watch?v=gYd5Ef0HOjE&amp;list=PL55Jvjz-3jrj24Eqgv4TDiqepQJaZBAL-&amp;index=17\">Assista no YouTube<\/a><\/p>\n\n\n\n<p><a href=\"https:\/\/open.spotify.com\/show\/7z6svX7eOSDP0ro1CLadv9\">Ou\u00e7a no Spotify<\/a><\/p>\n\n\n\n<p><a href=\"https:\/\/www.deezer.com\/br\/show\/3705277\">Ou\u00e7a no Deezer<\/a><\/p>\n\n\n\n<p><a href=\"https:\/\/podcasts.apple.com\/br\/podcast\/podtrampo\/id1624539227\">Ou\u00e7a no iTunes<\/a><\/p>\n\n\n\n<p><strong><em>(Fonte\/Imagem: TVTEC Jundia\u00ed)<\/em><\/strong><\/p>\n","protected":false},"excerpt":{"rendered":"<p>Copa do Mundo do Qatar tamb\u00e9m influencia nas vendas e no atendimento<\/p>\n","protected":false},"author":30,"featured_media":101607,"comment_status":"closed","ping_status":"0","sticky":false,"template":"","format":"standard","meta":{"footnotes":""},"categories":[8362,8356,1],"tags":[],"class_list":["post-101606","post","type-post","status-publish","format-standard","has-post-thumbnail","hentry","category-empreendedorismo","category-jundiai","category-noticias"],"_links":{"self":[{"href":"https:\/\/tvtecjundiai.com.br\/news\/wp-json\/wp\/v2\/posts\/101606","targetHints":{"allow":["GET"]}}],"collection":[{"href":"https:\/\/tvtecjundiai.com.br\/news\/wp-json\/wp\/v2\/posts"}],"about":[{"href":"https:\/\/tvtecjundiai.com.br\/news\/wp-json\/wp\/v2\/types\/post"}],"author":[{"embeddable":true,"href":"https:\/\/tvtecjundiai.com.br\/news\/wp-json\/wp\/v2\/users\/30"}],"replies":[{"embeddable":true,"href":"https:\/\/tvtecjundiai.com.br\/news\/wp-json\/wp\/v2\/comments?post=101606"}],"version-history":[{"count":1,"href":"https:\/\/tvtecjundiai.com.br\/news\/wp-json\/wp\/v2\/posts\/101606\/revisions"}],"predecessor-version":[{"id":101608,"href":"https:\/\/tvtecjundiai.com.br\/news\/wp-json\/wp\/v2\/posts\/101606\/revisions\/101608"}],"wp:featuredmedia":[{"embeddable":true,"href":"https:\/\/tvtecjundiai.com.br\/news\/wp-json\/wp\/v2\/media\/101607"}],"wp:attachment":[{"href":"https:\/\/tvtecjundiai.com.br\/news\/wp-json\/wp\/v2\/media?parent=101606"}],"wp:term":[{"taxonomy":"category","embeddable":true,"href":"https:\/\/tvtecjundiai.com.br\/news\/wp-json\/wp\/v2\/categories?post=101606"},{"taxonomy":"post_tag","embeddable":true,"href":"https:\/\/tvtecjundiai.com.br\/news\/wp-json\/wp\/v2\/tags?post=101606"}],"curies":[{"name":"wp","href":"https:\/\/api.w.org\/{rel}","templated":true}]}}