{"id":101609,"date":"2022-11-29T15:23:51","date_gmt":"2022-11-29T18:23:51","guid":{"rendered":"https:\/\/tvtecjundiai.com.br\/news\/?p=101609"},"modified":"2022-11-29T15:23:52","modified_gmt":"2022-11-29T18:23:52","slug":"atacadao-esta-com-25-vagas-de-emprego-abertas-em-jundiai","status":"publish","type":"post","link":"https:\/\/tvtecjundiai.com.br\/news\/2022\/11\/29\/atacadao-esta-com-25-vagas-de-emprego-abertas-em-jundiai\/","title":{"rendered":"Atacad\u00e3o est\u00e1 com 25 vagas de emprego abertas em Jundia\u00ed"},"content":{"rendered":"\n<p>A rede atacadista Atacad\u00e3o S\/A, que tem mais de 250 lojas e 60.000 colaboradores em todo o Brasil, est\u00e1 com 25 vagas de emprego abertas em Jundia\u00ed. As oportunidades s\u00e3o para repositor de mercadorias, ajudante de carga e descarga, vendedor, empacotador e fiscal de preven\u00e7\u00e3o de perdas.<\/p>\n\n\n\n<p>Os interessados podem se inscrever de maneira online pelo\u00a0<a href=\"https:\/\/web.jundiai.sp.gov.br\/PMJ\/emprega\/Vaga#\">portal Jundia\u00ed Empreendedora<\/a>, da Prefeitura de Jundia\u00ed.<\/p>\n\n\n<div class=\"wp-block-image\">\n<figure class=\"aligncenter size-full is-resized\"><img loading=\"lazy\" decoding=\"async\" src=\"https:\/\/tvtecjundiai.com.br\/news\/wp-content\/uploads\/sites\/2\/2022\/11\/Loja-do-Grupo-Atacadao-Fonte-Mercado-e-Consumo-768x494-1.jpg\" alt=\"\" class=\"wp-image-101610\" width=\"677\" height=\"435\" srcset=\"https:\/\/tvtecjundiai.com.br\/news\/wp-content\/uploads\/sites\/2\/2022\/11\/Loja-do-Grupo-Atacadao-Fonte-Mercado-e-Consumo-768x494-1.jpg 768w, https:\/\/tvtecjundiai.com.br\/news\/wp-content\/uploads\/sites\/2\/2022\/11\/Loja-do-Grupo-Atacadao-Fonte-Mercado-e-Consumo-768x494-1-300x193.jpg 300w\" sizes=\"auto, (max-width: 677px) 100vw, 677px\" \/><\/figure>\n<\/div>\n\n\n<p><strong>Repositor de mercadorias \u2013 13 vagas<\/strong><\/p>\n\n\n\n<p><em>Requisitos<\/em><\/p>\n\n\n\n<ul class=\"wp-block-list\">\n<li>Ensino m\u00e9dio completo<\/li>\n<\/ul>\n\n\n\n<p><strong>Vendedor em com\u00e9rcio de mercadorias \u2013 2 vaga<\/strong>s<\/p>\n\n\n\n<p><em>Requisitos<\/em><\/p>\n\n\n\n<ul class=\"wp-block-list\">\n<li>Ensino m\u00e9dio completo<\/li>\n<\/ul>\n\n\n\n<p><strong>Fiscal de preven\u00e7\u00e3o de perdas \u2013 5 vagas<\/strong><\/p>\n\n\n\n<p><em>Requisitos<\/em><\/p>\n\n\n\n<ul class=\"wp-block-list\">\n<li>Ensino m\u00e9dio completo<\/li>\n<\/ul>\n\n\n\n<p><strong>Empacotador a m\u00e3o \u2013 3 vagas<\/strong><\/p>\n\n\n\n<p><em>Requisitos<\/em><\/p>\n\n\n\n<ul class=\"wp-block-list\">\n<li>Ensino m\u00e9dio completo<\/li>\n<\/ul>\n\n\n\n<p><strong>Ajudante de carga e descarga  \u2013 2 vagas<\/strong><\/p>\n\n\n\n<p><em>Requisitos<\/em><\/p>\n\n\n\n<ul class=\"wp-block-list\">\n<li>Ensino m\u00e9dio completo<\/li>\n<\/ul>\n\n\n\n<p><strong><em>(Fonte: TVTEC Jundia\u00ed\/Imagem: Divulga\u00e7\u00e3o Atacad\u00e3o)<\/em><\/strong><\/p>\n","protected":false},"excerpt":{"rendered":"<p>Os interessados podem se inscrever pelo\u00a0portal Jundia\u00ed Empreendedora<\/p>\n","protected":false},"author":30,"featured_media":101610,"comment_status":"closed","ping_status":"0","sticky":false,"template":"","format":"standard","meta":{"footnotes":""},"categories":[5038,8363,8356,1],"tags":[],"class_list":["post-101609","post","type-post","status-publish","format-standard","has-post-thumbnail","hentry","category-emprego","category-emprego-2","category-jundiai","category-noticias"],"_links":{"self":[{"href":"https:\/\/tvtecjundiai.com.br\/news\/wp-json\/wp\/v2\/posts\/101609","targetHints":{"allow":["GET"]}}],"collection":[{"href":"https:\/\/tvtecjundiai.com.br\/news\/wp-json\/wp\/v2\/posts"}],"about":[{"href":"https:\/\/tvtecjundiai.com.br\/news\/wp-json\/wp\/v2\/types\/post"}],"author":[{"embeddable":true,"href":"https:\/\/tvtecjundiai.com.br\/news\/wp-json\/wp\/v2\/users\/30"}],"replies":[{"embeddable":true,"href":"https:\/\/tvtecjundiai.com.br\/news\/wp-json\/wp\/v2\/comments?post=101609"}],"version-history":[{"count":1,"href":"https:\/\/tvtecjundiai.com.br\/news\/wp-json\/wp\/v2\/posts\/101609\/revisions"}],"predecessor-version":[{"id":101611,"href":"https:\/\/tvtecjundiai.com.br\/news\/wp-json\/wp\/v2\/posts\/101609\/revisions\/101611"}],"wp:featuredmedia":[{"embeddable":true,"href":"https:\/\/tvtecjundiai.com.br\/news\/wp-json\/wp\/v2\/media\/101610"}],"wp:attachment":[{"href":"https:\/\/tvtecjundiai.com.br\/news\/wp-json\/wp\/v2\/media?parent=101609"}],"wp:term":[{"taxonomy":"category","embeddable":true,"href":"https:\/\/tvtecjundiai.com.br\/news\/wp-json\/wp\/v2\/categories?post=101609"},{"taxonomy":"post_tag","embeddable":true,"href":"https:\/\/tvtecjundiai.com.br\/news\/wp-json\/wp\/v2\/tags?post=101609"}],"curies":[{"name":"wp","href":"https:\/\/api.w.org\/{rel}","templated":true}]}}