{"id":101619,"date":"2022-11-29T16:59:40","date_gmt":"2022-11-29T19:59:40","guid":{"rendered":"https:\/\/tvtecjundiai.com.br\/news\/?p=101619"},"modified":"2022-11-29T16:59:45","modified_gmt":"2022-11-29T19:59:45","slug":"alunos-do-senac-jundiai-visitam-a-tvtec-2","status":"publish","type":"post","link":"https:\/\/tvtecjundiai.com.br\/news\/2022\/11\/29\/alunos-do-senac-jundiai-visitam-a-tvtec-2\/","title":{"rendered":"<strong>Alunos do Senac Jundia\u00ed visitam a TVTEC<\/strong>"},"content":{"rendered":"\n<p>Voc\u00ea sabe como \u00e9 o cotidiano em uma TV? Nesta ter\u00e7a-feira (29), a turma do Programa de Educa\u00e7\u00e3o para o Trabalho Trampolim, do Senac Jundia\u00ed, entendeu de perto como \u00e9 a rotina da reda\u00e7\u00e3o, da t\u00e9cnica e da Escola da TVTEC.<\/p>\n\n\n\n<figure class=\"wp-block-gallery has-nested-images columns-default is-cropped wp-block-gallery-1 is-layout-flex wp-block-gallery-is-layout-flex\">\n<figure class=\"wp-block-image size-large\"><img loading=\"lazy\" decoding=\"async\" width=\"1200\" height=\"902\" data-id=\"101622\" src=\"https:\/\/tvtecjundiai.com.br\/news\/wp-content\/uploads\/sites\/2\/2022\/11\/WhatsApp-Image-2022-11-29-at-16.27.02-1200x902.jpeg\" alt=\"\" class=\"wp-image-101622\" srcset=\"https:\/\/tvtecjundiai.com.br\/news\/wp-content\/uploads\/sites\/2\/2022\/11\/WhatsApp-Image-2022-11-29-at-16.27.02-1200x902.jpeg 1200w, https:\/\/tvtecjundiai.com.br\/news\/wp-content\/uploads\/sites\/2\/2022\/11\/WhatsApp-Image-2022-11-29-at-16.27.02-300x225.jpeg 300w, https:\/\/tvtecjundiai.com.br\/news\/wp-content\/uploads\/sites\/2\/2022\/11\/WhatsApp-Image-2022-11-29-at-16.27.02-768x577.jpeg 768w, https:\/\/tvtecjundiai.com.br\/news\/wp-content\/uploads\/sites\/2\/2022\/11\/WhatsApp-Image-2022-11-29-at-16.27.02.jpeg 1280w\" sizes=\"auto, (max-width: 1200px) 100vw, 1200px\" \/><figcaption class=\"wp-element-caption\">Alunos do Senac no est\u00fadio de Podcast<br><\/figcaption><\/figure>\n<\/figure>\n\n\n\n<figure class=\"wp-block-gallery has-nested-images columns-default is-cropped wp-block-gallery-2 is-layout-flex wp-block-gallery-is-layout-flex\">\n<figure class=\"wp-block-image size-large\"><img loading=\"lazy\" decoding=\"async\" width=\"1200\" height=\"902\" data-id=\"101624\" src=\"https:\/\/tvtecjundiai.com.br\/news\/wp-content\/uploads\/sites\/2\/2022\/11\/WhatsApp-Image-2022-11-29-at-16.27.02-1-1200x902.jpeg\" alt=\"\" class=\"wp-image-101624\" srcset=\"https:\/\/tvtecjundiai.com.br\/news\/wp-content\/uploads\/sites\/2\/2022\/11\/WhatsApp-Image-2022-11-29-at-16.27.02-1-1200x902.jpeg 1200w, https:\/\/tvtecjundiai.com.br\/news\/wp-content\/uploads\/sites\/2\/2022\/11\/WhatsApp-Image-2022-11-29-at-16.27.02-1-300x225.jpeg 300w, https:\/\/tvtecjundiai.com.br\/news\/wp-content\/uploads\/sites\/2\/2022\/11\/WhatsApp-Image-2022-11-29-at-16.27.02-1-768x577.jpeg 768w, https:\/\/tvtecjundiai.com.br\/news\/wp-content\/uploads\/sites\/2\/2022\/11\/WhatsApp-Image-2022-11-29-at-16.27.02-1.jpeg 1280w\" sizes=\"auto, (max-width: 1200px) 100vw, 1200px\" \/><figcaption class=\"wp-element-caption\">Alunos do Senac conversando com o jornalista da TVTEC, Rafael Santos<br><\/figcaption><\/figure>\n<\/figure>\n\n\n\n<p>\u201cAssim os alunos presenciam na pr\u00e1tica o que falamos em sala de aula, pois estamos na unidade curricular que trata da comunica\u00e7\u00e3o, ent\u00e3o \u00e9 muito importante que eles tenham essa percep\u00e7\u00e3o tang\u00edvel\u201d, explica Silvia Guedes, docente do Senac.\u00a0<\/p>\n\n\n\n<figure class=\"wp-block-gallery has-nested-images columns-default is-cropped wp-block-gallery-3 is-layout-flex wp-block-gallery-is-layout-flex\">\n<figure class=\"wp-block-image size-large\"><img loading=\"lazy\" decoding=\"async\" width=\"1200\" height=\"900\" data-id=\"101625\" src=\"https:\/\/tvtecjundiai.com.br\/news\/wp-content\/uploads\/sites\/2\/2022\/11\/WhatsApp-Image-2022-11-29-at-16.27.01-1200x900.jpeg\" alt=\"\" class=\"wp-image-101625\" srcset=\"https:\/\/tvtecjundiai.com.br\/news\/wp-content\/uploads\/sites\/2\/2022\/11\/WhatsApp-Image-2022-11-29-at-16.27.01-1200x900.jpeg 1200w, https:\/\/tvtecjundiai.com.br\/news\/wp-content\/uploads\/sites\/2\/2022\/11\/WhatsApp-Image-2022-11-29-at-16.27.01-300x225.jpeg 300w, https:\/\/tvtecjundiai.com.br\/news\/wp-content\/uploads\/sites\/2\/2022\/11\/WhatsApp-Image-2022-11-29-at-16.27.01-768x576.jpeg 768w, https:\/\/tvtecjundiai.com.br\/news\/wp-content\/uploads\/sites\/2\/2022\/11\/WhatsApp-Image-2022-11-29-at-16.27.01.jpeg 1280w\" sizes=\"auto, (max-width: 1200px) 100vw, 1200px\" \/><figcaption class=\"wp-element-caption\">Alunos do Senac no Est\u00fadio da TVTEC<br><\/figcaption><\/figure>\n<\/figure>\n\n\n\n<p>Os estudantes ficaram surpresos com o local. \u201cAinda n\u00e3o conhecia a TVTEC. Eu gostei demais desse espa\u00e7o da Prefeitura de Jundia\u00ed. Eu pude aprender como usar alguns equipamentos aqui que vou poder aplicar l\u00e1 fora\u201d, conta o aluno, Vitor Hugo de Souza.<\/p>\n\n\n\n<p><em>Fonte\/imagem: TVTEC Jundia\u00ed<\/em><\/p>\n","protected":false},"excerpt":{"rendered":"<p>Turma complementa conte\u00fado visto em sala de aula<\/p>\n","protected":false},"author":34,"featured_media":101622,"comment_status":"closed","ping_status":"0","sticky":false,"template":"","format":"standard","meta":{"footnotes":""},"categories":[2828,5706,8356,1],"tags":[],"class_list":["post-101619","post","type-post","status-publish","format-standard","has-post-thumbnail","hentry","category-educacao","category-inclusao","category-jundiai","category-noticias"],"_links":{"self":[{"href":"https:\/\/tvtecjundiai.com.br\/news\/wp-json\/wp\/v2\/posts\/101619","targetHints":{"allow":["GET"]}}],"collection":[{"href":"https:\/\/tvtecjundiai.com.br\/news\/wp-json\/wp\/v2\/posts"}],"about":[{"href":"https:\/\/tvtecjundiai.com.br\/news\/wp-json\/wp\/v2\/types\/post"}],"author":[{"embeddable":true,"href":"https:\/\/tvtecjundiai.com.br\/news\/wp-json\/wp\/v2\/users\/34"}],"replies":[{"embeddable":true,"href":"https:\/\/tvtecjundiai.com.br\/news\/wp-json\/wp\/v2\/comments?post=101619"}],"version-history":[{"count":1,"href":"https:\/\/tvtecjundiai.com.br\/news\/wp-json\/wp\/v2\/posts\/101619\/revisions"}],"predecessor-version":[{"id":101626,"href":"https:\/\/tvtecjundiai.com.br\/news\/wp-json\/wp\/v2\/posts\/101619\/revisions\/101626"}],"wp:featuredmedia":[{"embeddable":true,"href":"https:\/\/tvtecjundiai.com.br\/news\/wp-json\/wp\/v2\/media\/101622"}],"wp:attachment":[{"href":"https:\/\/tvtecjundiai.com.br\/news\/wp-json\/wp\/v2\/media?parent=101619"}],"wp:term":[{"taxonomy":"category","embeddable":true,"href":"https:\/\/tvtecjundiai.com.br\/news\/wp-json\/wp\/v2\/categories?post=101619"},{"taxonomy":"post_tag","embeddable":true,"href":"https:\/\/tvtecjundiai.com.br\/news\/wp-json\/wp\/v2\/tags?post=101619"}],"curies":[{"name":"wp","href":"https:\/\/api.w.org\/{rel}","templated":true}]}}